{"id":1540,"date":"2021-08-24T18:05:02","date_gmt":"2021-08-24T15:05:02","guid":{"rendered":"https:\/\/taff.fi\/?p=1540"},"modified":"2021-08-30T17:43:16","modified_gmt":"2021-08-30T14:43:16","slug":"taff-kaynnistyy","status":"publish","type":"post","link":"https:\/\/taff.fi\/fi\/taff-kaynnistyy\/","title":{"rendered":"TAFF k\u00e4ynnistyy keskiviikkona!"},"content":{"rendered":"<h1><strong>TAFF k\u00e4ynnistyy keskiviikkona!<\/strong><\/h1>\n<p><span style=\"font-weight: 400;\">\u00a0<\/span><\/p>\n<p><span style=\"font-weight: 400;\">Turku Animated Film Festival j\u00e4rjestet\u00e4\u00e4n viidett\u00e4 kertaa 25.\u201329.8.2021 Manillan vieh\u00e4tt\u00e4v\u00e4ss\u00e4 milj\u00f6\u00f6ss\u00e4. T\u00e4n\u00e4 vuonna festivaalista p\u00e4\u00e4st\u00e4\u00e4n nauttimaan l\u00e4hinn\u00e4 kotimaisten katsojien kesken ja ohjelmamme p\u00e4\u00e4paino rajoitusten keskell\u00e4 on huikeissa elokuvissa! T\u00e4m\u00e4n vuoden festivaalin lyhytanimaatioelokuvia on 24 eri maasta ja ne on valittu yli 3900 l\u00e4hetetyn elokuvan joukosta.<\/span><\/p>\n<p><span style=\"font-weight: 400;\"><a href=\"https:\/\/taff.fi\/fi\/naytokset-muu-ohjelma\/kansainvalinen-kilpailu\/\">Kansainv\u00e4lisen kilpailun<\/a> n\u00e4yt\u00f6sten m\u00e4\u00e4r\u00e4\u00e4 kasvatettiin t\u00e4lle vuodelle kahdella lis\u00e4n\u00e4yt\u00f6ksell\u00e4, jonka seurauksena 59 kilpaelokuvaa on jaettu seitsem\u00e4\u00e4n erisis\u00e4lt\u00f6iseen n\u00e4yt\u00f6kseen. My\u00f6s <a href=\"https:\/\/taff.fi\/fi\/show\/kotimainen-kilpailu\/\">kotimaisille<\/a> ja nuorille animaation yst\u00e4ville sopiville <a href=\"https:\/\/taff.fi\/fi\/naytokset-muu-ohjelma\/junior\/\">Junior<\/a>-elokuville on omat kilpasarjansa.<\/span><\/p>\n<p><span style=\"font-weight: 400;\">Kilpasarjojen lis\u00e4ksi t\u00e4m\u00e4n vuoden TAFF:issa nautitaan musiikkivideoista <a href=\"https:\/\/taff.fi\/fi\/show\/musiikkivideot\/\">Soittolista<\/a>-n\u00e4yt\u00f6ksiss\u00e4 sek\u00e4 animoiduista dokkareista <a href=\"https:\/\/taff.fi\/fi\/naytokset-muu-ohjelma\/dokumentit\/\">Dokumenttielokuvien Panoramassa<\/a>. Ammattilaisille on varattu oma tilaisuutensa perjantai-iltap\u00e4iv\u00e4n <a href=\"https:\/\/taff.fi\/fi\/show\/ammattilaisille\/\">TAFF Pro<\/a>:ssa, jossa kuullaan uudenlaisista ty\u00f6metodeista sek\u00e4 miten suuren luokan animaatioprojektia ty\u00f6stet\u00e4\u00e4n Suomesta k\u00e4sin mm. Disneyn kanssa.<\/span><\/p>\n<p><span style=\"font-weight: 400;\">Liput n\u00e4yt\u00f6ksiin ja festivaaliaikataulun n\u00e4et <a href=\"https:\/\/taff.fi\/fi\/aikataulu\/\">t\u00e4\u00e4lt\u00e4<\/a>. Festivaalin avajaisp\u00e4iv\u00e4n\u00e4, keskiviikkona, j\u00e4rjestet\u00e4\u00e4n Brinkkalan sis\u00e4pihalla <a href=\"https:\/\/www.facebook.com\/events\/520663619025202?ref=newsfeed\">ulkoilman\u00e4yt\u00f6s<\/a>, johon on vapaa p\u00e4\u00e4sy.<\/span><\/p>\n<p><span style=\"font-weight: 400;\">Viime ajat ovat verottaneet kulttuuritapahtumia raskaasti ja t\u00e4n\u00e4 kes\u00e4n\u00e4 Turussa ei olla viel\u00e4 juuri p\u00e4\u00e4sty nauttimaan elokuvafestivaalien tunnelmasta. TAFF:in katsojam\u00e4\u00e4ri\u00e4 on jouduttu rajaamaan reilusti aikaisempiin vuosiin verrattuna ja ohjelma on rakennettu vastaamaan t\u00e4m\u00e4n hetken koronarajoituksia niin hygieniak\u00e4yt\u00e4nt\u00f6jen kuin turvav\u00e4lien puolesta. Pilkahdus normaalista kulttuuriel\u00e4m\u00e4st\u00e4 on kuitenkin varmasti tervetullutta ja TAFF toivottaakin ilolla kaikki uudet ja vanhat animaation yst\u00e4v\u00e4t nauttimaan elokuvista turvallisesti kanssamme!<\/span><\/p>\n","protected":false},"excerpt":{"rendered":"<p>Turku Animated Film Festival j\u00e4rjestet\u00e4\u00e4n viidett\u00e4 kertaa 25.\u201329.8.2021 Manillan vieh\u00e4tt\u00e4v\u00e4ss\u00e4 milj\u00f6\u00f6ss\u00e4. T\u00e4n\u00e4 vuonna festivaalista p\u00e4\u00e4st\u00e4\u00e4n nauttimaan l\u00e4hinn\u00e4 kotimaisten katsojien kesken ja ohjelmamme p\u00e4\u00e4paino rajoitusten keskell\u00e4 on huikeissa elokuvissa!<\/p>\n","protected":false},"author":7,"featured_media":1557,"comment_status":"closed","ping_status":"closed","sticky":false,"template":"","format":"standard","meta":{"_acf_changed":false,"footnotes":""},"categories":[28],"tags":[],"class_list":["post-1540","post","type-post","status-publish","format-standard","has-post-thumbnail","hentry","category-uutiset"],"acf":[],"_links":{"self":[{"href":"https:\/\/taff.fi\/fi\/wp-json\/wp\/v2\/posts\/1540","targetHints":{"allow":["GET"]}}],"collection":[{"href":"https:\/\/taff.fi\/fi\/wp-json\/wp\/v2\/posts"}],"about":[{"href":"https:\/\/taff.fi\/fi\/wp-json\/wp\/v2\/types\/post"}],"author":[{"embeddable":true,"href":"https:\/\/taff.fi\/fi\/wp-json\/wp\/v2\/users\/7"}],"replies":[{"embeddable":true,"href":"https:\/\/taff.fi\/fi\/wp-json\/wp\/v2\/comments?post=1540"}],"version-history":[{"count":7,"href":"https:\/\/taff.fi\/fi\/wp-json\/wp\/v2\/posts\/1540\/revisions"}],"predecessor-version":[{"id":1880,"href":"https:\/\/taff.fi\/fi\/wp-json\/wp\/v2\/posts\/1540\/revisions\/1880"}],"wp:featuredmedia":[{"embeddable":true,"href":"https:\/\/taff.fi\/fi\/wp-json\/wp\/v2\/media\/1557"}],"wp:attachment":[{"href":"https:\/\/taff.fi\/fi\/wp-json\/wp\/v2\/media?parent=1540"}],"wp:term":[{"taxonomy":"category","embeddable":true,"href":"https:\/\/taff.fi\/fi\/wp-json\/wp\/v2\/categories?post=1540"},{"taxonomy":"post_tag","embeddable":true,"href":"https:\/\/taff.fi\/fi\/wp-json\/wp\/v2\/tags?post=1540"}],"curies":[{"name":"wp","href":"https:\/\/api.w.org\/{rel}","templated":true}]}}