{"id":1760,"date":"2021-08-28T16:47:57","date_gmt":"2021-08-28T13:47:57","guid":{"rendered":"https:\/\/taff.fi\/?p=1760"},"modified":"2021-08-30T17:52:02","modified_gmt":"2021-08-30T14:52:02","slug":"tassa-ovat-taffin-tuomarit","status":"publish","type":"post","link":"https:\/\/taff.fi\/fi\/tassa-ovat-taffin-tuomarit\/","title":{"rendered":"T\u00e4ss\u00e4 ovat TAFFin tuomarit"},"content":{"rendered":"<h1><strong>T\u00e4ss\u00e4 ovat TAFFin tuomarit!<\/strong><\/h1>\n<p>&nbsp;<\/p>\n<p>Turku Animated Film Festivalin kilpasarjojen voittajat julkaistaan t\u00e4n\u00e4\u00e4n! TAFFin palkintoelokuvia on valitsemassa joukko animaatio- ja kulttuurialan ammattilaisia ja intohimoisia harrastajia, joista voit lukea lis\u00e4\u00e4 t\u00e4st\u00e4.<\/p>\n<p>&nbsp;<\/p>\n<h2>Kansainv\u00e4lisen kilpailun tuomarit<\/h2>\n<figure id=\"attachment_1771\" aria-describedby=\"caption-attachment-1771\" style=\"width: 580px\" class=\"wp-caption aligncenter\"><img fetchpriority=\"high\" decoding=\"async\" class=\"wp-image-1771 size-large\" src=\"https:\/\/taff.fi\/2021\/wp-content\/uploads\/IMG_3184a-1-3000x1981.jpg\" alt=\"\" width=\"580\" height=\"383\" srcset=\"https:\/\/taff.fi\/2021\/wp-content\/uploads\/IMG_3184a-1-3000x1981.jpg 3000w, https:\/\/taff.fi\/2021\/wp-content\/uploads\/IMG_3184a-1-1635x1080.jpg 1635w, https:\/\/taff.fi\/2021\/wp-content\/uploads\/IMG_3184a-1-818x540.jpg 818w, https:\/\/taff.fi\/2021\/wp-content\/uploads\/IMG_3184a-1-768x507.jpg 768w, https:\/\/taff.fi\/2021\/wp-content\/uploads\/IMG_3184a-1-1536x1014.jpg 1536w, https:\/\/taff.fi\/2021\/wp-content\/uploads\/IMG_3184a-1-2048x1353.jpg 2048w, https:\/\/taff.fi\/2021\/wp-content\/uploads\/IMG_3184a-1-1200x793.jpg 1200w, https:\/\/taff.fi\/2021\/wp-content\/uploads\/IMG_3184a-1-1980x1308.jpg 1980w, https:\/\/taff.fi\/2021\/wp-content\/uploads\/IMG_3184a-1-600x396.jpg 600w\" sizes=\"(max-width: 580px) 100vw, 580px\" \/><figcaption id=\"caption-attachment-1771\" class=\"wp-caption-text\">Vasemmalta: Albert Laine, Eija Saarinen &amp; Annika Dahlsten<\/figcaption><\/figure>\n<p>Albert Laine on taiteilija, kouluttaja ja tuottaja. H\u00e4nell\u00e4 on laaja kokemus kulttuurin ja viestinn\u00e4n aloista sek\u00e4 organisaatioty\u00f6st\u00e4. Laine ty\u00f6skentelee elokuvan, mediataiteen ja kuvataiteen muuttuvilla rajapinnoilla. Laine on Animaatiokilta ry:n hallituksen puheenjohtaja, toimii Animatricks -festivaalin tuottajana sek\u00e4 on j\u00e4sen valtion audiovisuaalisten taiteiden toimikunnassa.<\/p>\n<p>Eija Saarinen on Turun ammattikorkeakoulun Taideakatemian animaatiolinjan lehtori emerita, jolla on laaja-alaista kokemusta animaatioalalta jo 90-luvulta l\u00e4htien.<\/p>\n<p>Annika Dahlsten on turkulainen animaatiotaiteilija ja kuvataiteilija, jonka teokset ovat usein tilallisia kokonaisuuksia hy\u00f6dynt\u00e4en animaation monia muotoja. Nykyisess\u00e4 ty\u00f6ss\u00e4\u00e4n Taiteen edist\u00e4miskeskuksen l\u00e4\u00e4nintaiteilijana h\u00e4n pyrkii edist\u00e4m\u00e4\u00e4n ja laajentamaan animaation tunnettuutta ja luomaan yhteyksi\u00e4 eri aloille.<\/p>\n<p>&nbsp;<\/p>\n<h2>Kotimaisen kilpailun tuomarit<\/h2>\n<figure id=\"attachment_1764\" aria-describedby=\"caption-attachment-1764\" style=\"width: 580px\" class=\"wp-caption aligncenter\"><img decoding=\"async\" class=\"wp-image-1764 size-large\" src=\"https:\/\/taff.fi\/2021\/wp-content\/uploads\/IMG_3167-3000x1967.jpg\" alt=\"\" width=\"580\" height=\"380\" srcset=\"https:\/\/taff.fi\/2021\/wp-content\/uploads\/IMG_3167-3000x1967.jpg 3000w, https:\/\/taff.fi\/2021\/wp-content\/uploads\/IMG_3167-1647x1080.jpg 1647w, https:\/\/taff.fi\/2021\/wp-content\/uploads\/IMG_3167-824x540.jpg 824w, https:\/\/taff.fi\/2021\/wp-content\/uploads\/IMG_3167-768x504.jpg 768w, https:\/\/taff.fi\/2021\/wp-content\/uploads\/IMG_3167-1536x1007.jpg 1536w, https:\/\/taff.fi\/2021\/wp-content\/uploads\/IMG_3167-2048x1343.jpg 2048w, https:\/\/taff.fi\/2021\/wp-content\/uploads\/IMG_3167-1200x787.jpg 1200w, https:\/\/taff.fi\/2021\/wp-content\/uploads\/IMG_3167-1980x1298.jpg 1980w, https:\/\/taff.fi\/2021\/wp-content\/uploads\/IMG_3167-600x393.jpg 600w\" sizes=\"(max-width: 580px) 100vw, 580px\" \/><figcaption id=\"caption-attachment-1764\" class=\"wp-caption-text\">Vasemmalta: Rose Pietola, Terhi V\u00e4\u00e4n\u00e4nen &amp; Konsta Weber<\/figcaption><\/figure>\n<p>Rose Pietola on VAFTin (Video Art Festival Turku) vastaava tuottaja ja pitk\u00e4n linjan TAFF-fani. Ruohonjuuritason kulttuuriliikehdint\u00e4, festivaalit ja tapahtumat ovat h\u00e4nen juttunsa ja h\u00e4n kuratoi taidetta \u2018valkoisen kuution ulkopuolelle\u2019.<\/p>\n<p>Terhi V\u00e4\u00e4n\u00e4nen on turkulaisen Pyjama Films -animaatiostudion perustaja ja toimitusjohtaja ja mukana studion kaikkien projektien kehittelyss\u00e4. V\u00e4\u00e4n\u00e4nen on mediakulttuurin ja taidehallinnon maisteri ja toiminut aiemmin Animatricks-festivaalin johtajana.<\/p>\n<p>Konsta Weber on Turun kaupunginhallituksen j\u00e4sen, kaupunginvaltuutettu ja teknologiayritt\u00e4j\u00e4. &#8221;Lukuisista&#8221; ansioistaan suomalaisen animaatioelokuvan edist\u00e4miseksi h\u00e4n nostaa esille saksankielisen tupla\u00e4\u00e4niroolinsa Hevosena ja Ovimiehen\u00e4 palkitussa animaatiossa Wurmloch.<\/p>\n<p>&nbsp;<\/p>\n<h2>TAFF Junior &#8211; tuomarit<\/h2>\n<p><img decoding=\"async\" class=\"alignnone size-large wp-image-1766\" src=\"https:\/\/taff.fi\/2021\/wp-content\/uploads\/IMG_3194-3000x1704.jpg\" alt=\"\" width=\"580\" height=\"329\" srcset=\"https:\/\/taff.fi\/2021\/wp-content\/uploads\/IMG_3194-3000x1704.jpg 3000w, https:\/\/taff.fi\/2021\/wp-content\/uploads\/IMG_3194-1901x1080.jpg 1901w, https:\/\/taff.fi\/2021\/wp-content\/uploads\/IMG_3194-950x540.jpg 950w, https:\/\/taff.fi\/2021\/wp-content\/uploads\/IMG_3194-768x436.jpg 768w, https:\/\/taff.fi\/2021\/wp-content\/uploads\/IMG_3194-1536x873.jpg 1536w, https:\/\/taff.fi\/2021\/wp-content\/uploads\/IMG_3194-2048x1164.jpg 2048w, https:\/\/taff.fi\/2021\/wp-content\/uploads\/IMG_3194-1200x682.jpg 1200w, https:\/\/taff.fi\/2021\/wp-content\/uploads\/IMG_3194-1980x1125.jpg 1980w, https:\/\/taff.fi\/2021\/wp-content\/uploads\/IMG_3194-600x341.jpg 600w\" sizes=\"(max-width: 580px) 100vw, 580px\" \/><\/p>\n<p>TAFF Juniorin tuomaristona toimivat kuvataideluokanopettaja Katri Kankkusen opettamat Luostarivuoren koulun 8-9 lk:n valinnaisen kuvataiteen ryhm\u00e4n oppilaat.<\/p>\n","protected":false},"excerpt":{"rendered":"<p>Turku Animated FIlm Festivalin kilpasarjojen voittajat julkaistaan t\u00e4n\u00e4\u00e4n! TAFFin palkintoelokuvia on valitsemassa joukko animaatio- ja kulttuurialan ammattilaisia ja intohimoisia harrastajia, joista voit lukea lis\u00e4\u00e4 t\u00e4\u00e4lt\u00e4.<\/p>\n","protected":false},"author":7,"featured_media":0,"comment_status":"closed","ping_status":"closed","sticky":false,"template":"","format":"standard","meta":{"_acf_changed":false,"footnotes":""},"categories":[28],"tags":[],"class_list":["post-1760","post","type-post","status-publish","format-standard","hentry","category-uutiset"],"acf":[],"_links":{"self":[{"href":"https:\/\/taff.fi\/fi\/wp-json\/wp\/v2\/posts\/1760","targetHints":{"allow":["GET"]}}],"collection":[{"href":"https:\/\/taff.fi\/fi\/wp-json\/wp\/v2\/posts"}],"about":[{"href":"https:\/\/taff.fi\/fi\/wp-json\/wp\/v2\/types\/post"}],"author":[{"embeddable":true,"href":"https:\/\/taff.fi\/fi\/wp-json\/wp\/v2\/users\/7"}],"replies":[{"embeddable":true,"href":"https:\/\/taff.fi\/fi\/wp-json\/wp\/v2\/comments?post=1760"}],"version-history":[{"count":12,"href":"https:\/\/taff.fi\/fi\/wp-json\/wp\/v2\/posts\/1760\/revisions"}],"predecessor-version":[{"id":1878,"href":"https:\/\/taff.fi\/fi\/wp-json\/wp\/v2\/posts\/1760\/revisions\/1878"}],"wp:attachment":[{"href":"https:\/\/taff.fi\/fi\/wp-json\/wp\/v2\/media?parent=1760"}],"wp:term":[{"taxonomy":"category","embeddable":true,"href":"https:\/\/taff.fi\/fi\/wp-json\/wp\/v2\/categories?post=1760"},{"taxonomy":"post_tag","embeddable":true,"href":"https:\/\/taff.fi\/fi\/wp-json\/wp\/v2\/tags?post=1760"}],"curies":[{"name":"wp","href":"https:\/\/api.w.org\/{rel}","templated":true}]}}