{"id":3285,"date":"2022-08-24T17:10:57","date_gmt":"2022-08-24T14:10:57","guid":{"rendered":"https:\/\/taff.fi\/?p=3285"},"modified":"2022-08-24T18:02:36","modified_gmt":"2022-08-24T15:02:36","slug":"taff2022","status":"publish","type":"post","link":"https:\/\/taff.fi\/fi\/taff2022\/","title":{"rendered":"Seitsem\u00e4s Turku Animated Film Festival on alkanut!"},"content":{"rendered":"<h2 class=\"null\">Viiden p\u00e4iv\u00e4n ajan Manillan kulttuuritehdas t\u00e4yttyy animaation uusimmista tuulista.<\/h2>\n<p><strong>TAFF<\/strong>in ohjelmisto kattaa j\u00e4lleen tuoreen kansainv\u00e4lisen animaation rohkeimmat ja oivaltavimmat elokuvat viimeisen kahden vuoden ajalta. Yli 2000:sta l\u00e4hetetyst\u00e4 lyhytelokuvasta valittiin kilpasarjoihin animaatioita 29:t\u00e4 eri maasta. <a href=\"https:\/\/taff.fi\/fi\/naytokset2022\/\">P\u00e4\u00e4kilpasarjan<\/a> lis\u00e4ksi omat sarjansa on koottu <a href=\"https:\/\/taff.fi\/fi\/show\/kotimainen-kilpailu22\/\">kotimaisista<\/a> sek\u00e4 <a href=\"https:\/\/taff.fi\/fi\/taff-junior\/\">nuoremmille katsojille sopivista<\/a> elokuvista.<\/p>\n<p>Kilpasarjojen lis\u00e4ksi omat n\u00e4yt\u00f6ksens\u00e4 on varattu my\u00f6s animoiduille <a href=\"https:\/\/taff.fi\/fi\/show\/dokumenttielokuvat\/\">dokumenttielokuville<\/a> sek\u00e4 <a href=\"https:\/\/taff.fi\/fi\/show\/soittolista22\/\">musiikkivideoille<\/a>. Torstaina 25.8. ja lauantaina 27.8. n\u00e4ht\u00e4v\u00e4\u00a0<a href=\"https:\/\/taff.fi\/fi\/show\/sarjakuva\/\">Sarjis<\/a>-n\u00e4yt\u00f6s tarjoaa v\u00e4l\u00e4yksi\u00e4 nostalgiann\u00e4lk\u00e4isille, kun modernien, sarjakuviin perustuvien animaatioiden lis\u00e4ksi p\u00e4\u00e4st\u00e4\u00e4n ihastelemaan niin\u00a0<strong>Jasso-Kissaa<\/strong>\u00a0kuin\u00a0<strong>Riekua ja Raikuakin<\/strong>. Tuomariston nimikkon\u00e4yt\u00f6ksiss\u00e4 esitet\u00e4\u00e4n kilpailujen tuomareiden elokuvia heid\u00e4n uransa ajalta. N\u00e4yt\u00f6ksiss\u00e4 n\u00e4hd\u00e4\u00e4n animaatioita\u00a0<a href=\"https:\/\/taff.fi\/fi\/show\/tuomari1\/\"><strong>Daniel \u0160ulji\u0107ilta<\/strong><\/a>,\u00a0<a href=\"https:\/\/taff.fi\/fi\/show\/tuomari2\/\"><strong>Renata G\u0105siorowskalta<\/strong><\/a>,<strong>\u00a0<a href=\"https:\/\/taff.fi\/fi\/show\/tuomari2\/\">Lucija Mrzljakilta<\/a><\/strong>\u00a0sek\u00e4\u00a0<a href=\"https:\/\/taff.fi\/fi\/show\/tuomari3\/\"><strong>Julian Galleselta<\/strong><\/a>.<\/p>\n<p>Ammattilaisille suunnattu, kaksip\u00e4iv\u00e4inen\u00a0<a href=\"https:\/\/taff.fi\/fi\/ammattilaisille\/\"><strong>TAFF Pro<\/strong><\/a>-ohjelma keskittyy t\u00e4n\u00e4 vuonna animaation ja sarjakuvan yhdist\u00e4miseen. Torstaina ja perjantaina j\u00e4rjestett\u00e4v\u00e4n ammattilaisosion vieraana n\u00e4hd\u00e4\u00e4n palkittuja sarjakuvaa ja animaatiota yhdist\u00e4vi\u00e4 taiteilijoita, sek\u00e4 laaja kirjo tuotannon ammattilaisia. TAFF Pro:ssa kuullaan mm. sarjakuvataiteilija <strong>JP Ahosta<\/strong>\u00a0ja animaatio-ohjaaja\u00a0<strong>Samppa Kukkosta<\/strong>, jotka jakavat kokemuksiaan\u00a0<strong>Belzebubs<\/strong>-sarjakuvan sovittamisesta animaatioksi. TAFF Pro:n p\u00e4\u00e4asiallinen kieli on englanti.<\/p>\n<p>Viime vuosien yleis\u00f6rajoitusten j\u00e4lkeen suositut koululaisn\u00e4yt\u00f6kset ovat palanneet t\u00e4ydess\u00e4 mitassaan festivaalin ohjelmistoon &#8211; ensimm\u00e4iset n\u00e4yt\u00f6kset varattiinkin loppuun jo n\u00e4yt\u00f6sten julkaisup\u00e4iv\u00e4n\u00e4!\u00a0<strong>TAFF Junior -koululaisn\u00e4yt\u00f6ksi\u00e4<\/strong>\u00a0p\u00e4\u00e4sev\u00e4t seuraamaan Turun alueen esi- ja peruskoululaiset. Kaikille avoimet ja alle 16-vuotiaille maksuttomat\u00a0<strong><a href=\"https:\/\/taff.fi\/fi\/taff-junior\/\">TAFF Junior<\/a>\u00a0<\/strong>-n\u00e4yt\u00f6kset k\u00e4ynnist\u00e4v\u00e4t viikonlopun festivaalip\u00e4iv\u00e4t lauantaina ja sunnuntaina.<\/p>\n<p>Koko festivaalin ajan Aurinkobaletin baari ja terassi tarjoavat virkistyst\u00e4 janoisille. Keskiviikkona TAFF ja Kirjakahvila j\u00e4rjest\u00e4v\u00e4t yhdess\u00e4 ulkoilman\u00e4yt\u00f6ksen, jossa esitet\u00e4\u00e4n\u00a0<strong>Marguerite Abouet&#8217;n<\/strong>\u00a0ja\u00a0<strong>Cl\u00e9ment Oubrerien<\/strong>\u00a0sarjakuvaan pohjaava elokuva\u00a0<a href=\"https:\/\/taff.fi\/fi\/show\/audiencefav-2\/\"><strong>Aya of Yop City<\/strong><\/a>.<\/p>\n","protected":false},"excerpt":{"rendered":"<p>Viiden p\u00e4iv\u00e4n ajan Manillan kulttuuritehdas t\u00e4yttyy animaation uusimmista tuulista. TAFFin ohjelmisto kattaa j\u00e4lleen tuoreen kansainv\u00e4lisen animaation rohkeimmat ja oivaltavimmat elokuvat viimeisen kahden vuoden ajalta. Yli [&hellip;]<\/p>\n","protected":false},"author":7,"featured_media":3297,"comment_status":"closed","ping_status":"closed","sticky":false,"template":"","format":"standard","meta":{"_acf_changed":false,"footnotes":""},"categories":[28],"tags":[],"class_list":["post-3285","post","type-post","status-publish","format-standard","has-post-thumbnail","hentry","category-uutiset"],"acf":[],"_links":{"self":[{"href":"https:\/\/taff.fi\/fi\/wp-json\/wp\/v2\/posts\/3285","targetHints":{"allow":["GET"]}}],"collection":[{"href":"https:\/\/taff.fi\/fi\/wp-json\/wp\/v2\/posts"}],"about":[{"href":"https:\/\/taff.fi\/fi\/wp-json\/wp\/v2\/types\/post"}],"author":[{"embeddable":true,"href":"https:\/\/taff.fi\/fi\/wp-json\/wp\/v2\/users\/7"}],"replies":[{"embeddable":true,"href":"https:\/\/taff.fi\/fi\/wp-json\/wp\/v2\/comments?post=3285"}],"version-history":[{"count":1,"href":"https:\/\/taff.fi\/fi\/wp-json\/wp\/v2\/posts\/3285\/revisions"}],"predecessor-version":[{"id":3287,"href":"https:\/\/taff.fi\/fi\/wp-json\/wp\/v2\/posts\/3285\/revisions\/3287"}],"wp:featuredmedia":[{"embeddable":true,"href":"https:\/\/taff.fi\/fi\/wp-json\/wp\/v2\/media\/3297"}],"wp:attachment":[{"href":"https:\/\/taff.fi\/fi\/wp-json\/wp\/v2\/media?parent=3285"}],"wp:term":[{"taxonomy":"category","embeddable":true,"href":"https:\/\/taff.fi\/fi\/wp-json\/wp\/v2\/categories?post=3285"},{"taxonomy":"post_tag","embeddable":true,"href":"https:\/\/taff.fi\/fi\/wp-json\/wp\/v2\/tags?post=3285"}],"curies":[{"name":"wp","href":"https:\/\/api.w.org\/{rel}","templated":true}]}}