{"id":464,"date":"2021-07-01T10:50:49","date_gmt":"2021-07-01T07:50:49","guid":{"rendered":"https:\/\/taff.fi\/2021\/?p=464"},"modified":"2021-08-12T14:15:45","modified_gmt":"2021-08-12T11:15:45","slug":"taff-saapuu-jalleen","status":"publish","type":"post","link":"https:\/\/taff.fi\/fi\/taff-saapuu-jalleen\/","title":{"rendered":"TAFF saapuu j\u00e4lleen"},"content":{"rendered":"<h1>TAFF saapuu j\u00e4lleen!<\/h1>\n<p>Suomen hurmaavin kansainv\u00e4linen animaatioelokuvafestivaali Turku Animated Film Festival, yst\u00e4vien kesken TAFF, j\u00e4rjestet\u00e4\u00e4n taas 25.\u201329.8.2021!<\/p>\n<p>Poikkeuksellisen vuoden ja ensisijaisesti ammattilaisille suunnatun pienimuotoisemman TAFF Pro -festivaalin j\u00e4lkeen p\u00e4\u00e4semme viimein nauttimaan festivaalitunnelmasta paikan p\u00e4\u00e4ll\u00e4 kaikenkarvaisten katsojien kesken. T\u00e4n\u00e4kin vuonna festivaali koostuu lyhytanimaatioelokuvien kilpasarjojen lis\u00e4ksi kuratoiduista teeman\u00e4yt\u00f6ksist\u00e4 sek\u00e4 valikoidusta oheisohjelmasta.\u00a0 Festivaaliymp\u00e4rist\u00f6n\u00e4 toimii j\u00e4lleen kerran Manillan vieh\u00e4tt\u00e4v\u00e4 teatterikortteli, jossa katsojien turvallisuus ja vallitsevat tapahtumia koskevat koronarajoitukset pystyt\u00e4\u00e4n huomioimaan.<\/p>\n<p>Vaikka festivaalia joudutaan odottamaan viel\u00e4 elokuun loppupuolelle saakka, pinnan alla kuplii jo. Ohjelmisto hioutuu ja t\u00e4ydentyy viel\u00e4 kes\u00e4n mittaan, mutta varmaa on jo nyt, ett\u00e4 tarjolla on j\u00e4lleen runsas ja monipuolinen kattaus tuoretta animaatioelokuvaa niin kotimaasta kuin sen rajojen ulkopuoleltakin. Esimakuna festivaalitunnelmaan TAFF ja VAFT (Video Art Festival Turku) j\u00e4rjest\u00e4v\u00e4t t\u00e4n\u00e4 vuonna yhteisty\u00f6ss\u00e4 kotiinkuljetettavan Portaali-n\u00e4yt\u00f6ksen, joka uudenlaisen katsomiskokemuksen lis\u00e4ksi tarjoaa valikoidun ohjelmiston animaatio- ja videotaideteoksia festivaalia edelt\u00e4v\u00e4n\u00e4 viikonloppuna. Lis\u00e4tietoa ja hakuohjeet Portaali-n\u00e4yt\u00f6ksiin tulossa hein\u00e4kuun alussa.<\/p>\n<p>T\u00e4n\u00e4kin vuonna festivaalia luotsaa festivaalijohtaja Kimmo Sillanmikko sek\u00e4 taiteellinen johtaja Joni M\u00e4nnist\u00f6. Festivaalin tuottajana toimii Annu Suvanto. TAFF-tiimi\u00e4 t\u00e4ydent\u00e4v\u00e4t t\u00e4n\u00e4 vuonna tuotantoassistentti Neea Leino sek\u00e4 viestint\u00e4assistentti Marja Ahtola.<\/p>\n<p><a href=\"https:\/\/www.facebook.com\/turkuanimatedfilmfestival\/\" target=\"_blank\" rel=\"noopener\">Facebookista<\/a> ja <a href=\"https:\/\/www.instagram.com\/turkuanimatedfilmfestival\/?hl=fi\" target=\"_blank\" rel=\"noopener\">Instagramista<\/a> p\u00e4\u00e4set seuraamaan tuoreimpia tietoja ja ensimm\u00e4isi\u00e4 vilauksia festivaaliohjelmasta.<\/p>\n<p>Kohtaamisiin!<\/p>\n","protected":false},"excerpt":{"rendered":"<p>Suomen hurmaavin kansainv\u00e4linen animaatioelokuvafestivaali Turku Animated Film Festival, yst\u00e4vien kesken TAFF, j\u00e4rjestet\u00e4\u00e4n taas 25.\u201329.8.2021!<\/p>\n","protected":false},"author":7,"featured_media":471,"comment_status":"closed","ping_status":"closed","sticky":false,"template":"","format":"standard","meta":{"_acf_changed":false,"footnotes":""},"categories":[28],"tags":[],"class_list":["post-464","post","type-post","status-publish","format-standard","has-post-thumbnail","hentry","category-uutiset"],"acf":[],"_links":{"self":[{"href":"https:\/\/taff.fi\/fi\/wp-json\/wp\/v2\/posts\/464","targetHints":{"allow":["GET"]}}],"collection":[{"href":"https:\/\/taff.fi\/fi\/wp-json\/wp\/v2\/posts"}],"about":[{"href":"https:\/\/taff.fi\/fi\/wp-json\/wp\/v2\/types\/post"}],"author":[{"embeddable":true,"href":"https:\/\/taff.fi\/fi\/wp-json\/wp\/v2\/users\/7"}],"replies":[{"embeddable":true,"href":"https:\/\/taff.fi\/fi\/wp-json\/wp\/v2\/comments?post=464"}],"version-history":[{"count":8,"href":"https:\/\/taff.fi\/fi\/wp-json\/wp\/v2\/posts\/464\/revisions"}],"predecessor-version":[{"id":1093,"href":"https:\/\/taff.fi\/fi\/wp-json\/wp\/v2\/posts\/464\/revisions\/1093"}],"wp:featuredmedia":[{"embeddable":true,"href":"https:\/\/taff.fi\/fi\/wp-json\/wp\/v2\/media\/471"}],"wp:attachment":[{"href":"https:\/\/taff.fi\/fi\/wp-json\/wp\/v2\/media?parent=464"}],"wp:term":[{"taxonomy":"category","embeddable":true,"href":"https:\/\/taff.fi\/fi\/wp-json\/wp\/v2\/categories?post=464"},{"taxonomy":"post_tag","embeddable":true,"href":"https:\/\/taff.fi\/fi\/wp-json\/wp\/v2\/tags?post=464"}],"curies":[{"name":"wp","href":"https:\/\/api.w.org\/{rel}","templated":true}]}}