{"id":497,"date":"2021-07-05T08:00:08","date_gmt":"2021-07-05T05:00:08","guid":{"rendered":"https:\/\/taff.fi\/?p=497"},"modified":"2021-08-12T14:15:09","modified_gmt":"2021-08-12T11:15:09","slug":"kutsu-portaali-luoksesi","status":"publish","type":"post","link":"https:\/\/taff.fi\/fi\/kutsu-portaali-luoksesi\/","title":{"rendered":"Kutsu Portaali luoksesi"},"content":{"rendered":"<h1>Kutsu Portaali luoksesi<\/h1>\n<p><a href=\"https:\/\/www.videoartfestivalturku.com\/\" target=\"_blank\" rel=\"noopener\">Video Art Festival Turkua<\/a> j\u00e4rjest\u00e4v\u00e4 \u00c4\u00e4ri\u00f6 ry sek\u00e4 Turku Animated Film Festivalia j\u00e4rjest\u00e4v\u00e4 Turun elokuvatapahtumat ry yhdist\u00e4v\u00e4t voimansa kes\u00e4ll\u00e4 2021 kotiinkuljetettavilla ulkoilman\u00e4yt\u00f6ksill\u00e4. Portaali-nimisen taiden\u00e4yt\u00f6ksen teknisine toteutuksineen voi tilata maksutta kotipihalle, l\u00e4hipuistoon tai vaikka autotalliin minne tahansa asuinalueelle Turussa. Portaalin kautta katsoja p\u00e4\u00e4see uppoutumaan aivan uuteen maailmaan kutkuttavan video- ja animaatiotaiteen kautta turvallisessa ja yhteis\u00f6llisess\u00e4 ymp\u00e4rist\u00f6ss\u00e4. Portaali on v\u00e4yl\u00e4 uuteen ulottuvuuteen ja n\u00e4yt\u00f6sten teemat heijastelevatkin eskapismia, fantasiaa ja mielikuvituksellisiin paikkoihin sukeltamista.<\/p>\n<p>N\u00e4yt\u00f6st\u00e4 voi hakea kuka tahansa alla olevan lomakkeen kautta. <strong>Haku on auki 5.\u201319.7.2021.<\/strong> Ilmoitamme kaikille hakijoille valinnoista 30.7. menness\u00e4. N\u00e4yt\u00f6spaikkojen valinnassa korostetaan avoimia, saavutettavia ja turvallisia n\u00e4yt\u00f6symp\u00e4rist\u00f6j\u00e4, jotka jakautuvat mahdollisimman laajasti ymp\u00e4ri Turkua. N\u00e4yt\u00f6ksen tilaaja huolehtii paikalle tarvittavan m\u00e4\u00e4r\u00e4n istuimia ja sek\u00e4 kutsuu l\u00e4hipiirins\u00e4 n\u00e4yt\u00f6kseen. Portaali tuo mukanaan projisointi- ja \u00e4\u00e4neentoistolaitteiston sek\u00e4 valkokankaan, jolle 70-minuuttinen videotaidetta ja animaatiota yhdistelev\u00e4 ohjelmisto heijastetaan. Ulkoilman\u00e4yt\u00f6kset esitet\u00e4\u00e4n 19.\u201322.8. my\u00f6h\u00e4\u00e4n illalla auringonlaskun j\u00e4lkeen ja n\u00e4yt\u00f6ksen tilaajalla tulee olla t\u00e4ll\u00f6in lupa tilan k\u00e4ytt\u00f6\u00f6n esimerkiksi taloyhti\u00f6lt\u00e4. Vallitsevia koronarajoituksia tulee noudattaa turvav\u00e4li- sek\u00e4 hygieniaohjeistus huomioiden.<\/p>\n<p><em>\u00c4\u00e4ri\u00f6 ry on turkulainen, voittoa tavoittelematon yhdistys ja videotaiteen asiantuntijataho, jonka tarkoitus on edist\u00e4\u00e4 audiovisuaalisen taiteen n\u00e4kyvyytt\u00e4. Yhdistys j\u00e4rjest\u00e4\u00e4 erilaisia nykytaidetapahtumia, joista t\u00e4rkeimp\u00e4n\u00e4 kerran vuodessa j\u00e4rjestett\u00e4v\u00e4 Video Art Festival Turku (VAFT).<\/em><\/p>\n<p><em>Turun elokuvatapahtumat ry:n Turku Animated Film Festival, eli tuttavallisemmin TAFF, j\u00e4rjestet\u00e4\u00e4n viidett\u00e4 kertaa Suomen animaatiop\u00e4\u00e4kaupungissa Turussa elokuun lopussa. TAFF on perustettu edist\u00e4m\u00e4\u00e4n animaatioelokuvakulttuuria sek\u00e4 Suomessa ett\u00e4 kansainv\u00e4lisesti.<\/em><\/p>\n<p>Turku viett\u00e4\u00e4 Euroopan kulttuurip\u00e4\u00e4kaupungin kymmenvuotisjuhlaa vuonna 2021. Portaali toteutetaan osana merkkivuoden ohjelmaa.<\/p>\n<p>&nbsp;<\/p>\n<h2><a href=\"https:\/\/docs.google.com\/forms\/d\/e\/1FAIpQLSdW_6H4j48TkxAQYgnb5-sS8n2aVd1WRKhLMtXUCxqMNZZQ_g\/viewform\" target=\"_blank\" rel=\"noopener\">HAKEMUSLOMAKE<\/a><\/h2>\n<p><em>T\u00e4ll\u00e4 lomakkeella \u00c4\u00e4ri\u00f6 ry ja Turun elokuvatapahtumat ry ker\u00e4\u00e4v\u00e4t tietoja Portaali-n\u00e4yt\u00f6st\u00e4 hakevista henkil\u00f6ist\u00e4. Ker\u00e4ttyj\u00e4 tietoja p\u00e4\u00e4sev\u00e4t tarkastelemaan vain festivaalien (VAFT ja TAFF) ty\u00f6ntekij\u00e4t ja niit\u00e4 s\u00e4ilytet\u00e4\u00e4n vain tarpeellisen ajan.<\/em><\/p>\n<p>&nbsp;<\/p>\n<h4>Kysytt\u00e4v\u00e4\u00e4?<\/h4>\n<p><strong>Lis\u00e4tiedot hakemiseen liittyen:<\/strong><\/p>\n<p>Annu Suvanto, tuottaja (TAFF)<\/p>\n<p><a href=\"mailto:&#97;&#110;&#110;&#117;&#64;&#116;&#97;ff&#46;f&#105;\">&#97;&#110;&#110;&#117;&#64;&#116;&#97;ff&#46;f&#105;<\/a><\/p>\n<p>050 364 3683<\/p>\n<p>&nbsp;<\/p>\n<p><strong>Median yhteydenotot:<\/strong><\/p>\n<p>Rose Pietola, vastaava tuottaja (VAFT)<\/p>\n<p><a href=\"mailto:v&#105;&#100;&#101;&#111;ar&#116;&#102;&#101;s&#116;ivaltur&#107;&#117;&#64;gmai&#108;&#46;&#99;&#111;m\">v&#105;&#100;&#101;&#111;ar&#116;&#102;&#101;s&#116;ivaltur&#107;&#117;&#64;gmai&#108;&#46;&#99;&#111;m<\/a><\/p>\n<p>&nbsp;<\/p>\n<p>Kimmo Sillanmikko, festivaalijohtaja (TAFF)<\/p>\n<p><a href=\"mailto:k&#105;&#109;&#109;o&#64;ta&#102;&#102;.&#102;i\">k&#105;&#109;&#109;o&#64;ta&#102;&#102;.&#102;i<\/a><\/p>\n","protected":false},"excerpt":{"rendered":"<p>VAFT ja TAFF yhdist\u00e4v\u00e4t voimansa kes\u00e4ll\u00e4 2021 kotiinkuljetettavilla ulkoilman\u00e4yt\u00f6ksill\u00e4. Portaalin teknisine toteutuksineen voi tilata maksutta kotipihalle, l\u00e4hipuistoon tai vaikka autotalliin minne tahansa asuinalueelle Turussa.<\/p>\n","protected":false},"author":7,"featured_media":504,"comment_status":"closed","ping_status":"closed","sticky":false,"template":"","format":"standard","meta":{"_acf_changed":false,"footnotes":""},"categories":[28],"tags":[],"class_list":["post-497","post","type-post","status-publish","format-standard","has-post-thumbnail","hentry","category-uutiset"],"acf":[],"_links":{"self":[{"href":"https:\/\/taff.fi\/fi\/wp-json\/wp\/v2\/posts\/497","targetHints":{"allow":["GET"]}}],"collection":[{"href":"https:\/\/taff.fi\/fi\/wp-json\/wp\/v2\/posts"}],"about":[{"href":"https:\/\/taff.fi\/fi\/wp-json\/wp\/v2\/types\/post"}],"author":[{"embeddable":true,"href":"https:\/\/taff.fi\/fi\/wp-json\/wp\/v2\/users\/7"}],"replies":[{"embeddable":true,"href":"https:\/\/taff.fi\/fi\/wp-json\/wp\/v2\/comments?post=497"}],"version-history":[{"count":7,"href":"https:\/\/taff.fi\/fi\/wp-json\/wp\/v2\/posts\/497\/revisions"}],"predecessor-version":[{"id":1091,"href":"https:\/\/taff.fi\/fi\/wp-json\/wp\/v2\/posts\/497\/revisions\/1091"}],"wp:featuredmedia":[{"embeddable":true,"href":"https:\/\/taff.fi\/fi\/wp-json\/wp\/v2\/media\/504"}],"wp:attachment":[{"href":"https:\/\/taff.fi\/fi\/wp-json\/wp\/v2\/media?parent=497"}],"wp:term":[{"taxonomy":"category","embeddable":true,"href":"https:\/\/taff.fi\/fi\/wp-json\/wp\/v2\/categories?post=497"},{"taxonomy":"post_tag","embeddable":true,"href":"https:\/\/taff.fi\/fi\/wp-json\/wp\/v2\/tags?post=497"}],"curies":[{"name":"wp","href":"https:\/\/api.w.org\/{rel}","templated":true}]}}