{"id":5367,"date":"2024-05-30T13:37:27","date_gmt":"2024-05-30T10:37:27","guid":{"rendered":"https:\/\/taff.fi\/?p=5367"},"modified":"2024-05-30T13:38:10","modified_gmt":"2024-05-30T10:38:10","slug":"animaatiotaiteen-suomalainen-karkinimi-saapuu-kesalla-turkuun","status":"publish","type":"post","link":"https:\/\/taff.fi\/fi\/animaatiotaiteen-suomalainen-karkinimi-saapuu-kesalla-turkuun\/","title":{"rendered":"Animaatiotaiteen suomalainen k\u00e4rkinimi saapuu kes\u00e4ll\u00e4 Turkuun"},"content":{"rendered":"<h1><span style=\"font-weight: 400;\"><b>Animaatiotaiteen suomalainen k\u00e4rkinimi saapuu kes\u00e4ll\u00e4 Turkuun<\/b><\/span><\/h1>\n<p><span style=\"font-weight: 400;\">Arvostettu suomalainen elokuva-alan ja animaation monitaituri Katariina Lillqvist saapuu elokuussa ilahduttamaan animaation yst\u00e4vi\u00e4 kansainv\u00e4liselle Turku Animated Film Festivalille, tuttavallisemmin TAFFiin. T\u0161ekiss\u00e4 asuva ja kansainv\u00e4lisesti vaikuttava Lillqvist on ty\u00f6skennellyt yli 30 vuotta animaation parissa. Uransa aikana h\u00e4n on ohjannut parikymment\u00e4 lyhytanimaatiota sek\u00e4 useita dokumentteja ja radio-ohjelmia.<\/span><\/p>\n<figure id=\"attachment_5357\" aria-describedby=\"caption-attachment-5357\" style=\"width: 720px\" class=\"wp-caption alignnone\"><img fetchpriority=\"high\" decoding=\"async\" class=\"size-medium wp-image-5357\" src=\"https:\/\/taff.fi\/2021\/wp-content\/uploads\/Katariina-lavalla-720x1080.jpg\" alt=\"Katariina Lillqvist henkil\u00f6kuvassa.\" width=\"720\" height=\"1080\" srcset=\"https:\/\/taff.fi\/2021\/wp-content\/uploads\/Katariina-lavalla-720x1080.jpg 720w, https:\/\/taff.fi\/2021\/wp-content\/uploads\/Katariina-lavalla-2000x3000.jpg 2000w, https:\/\/taff.fi\/2021\/wp-content\/uploads\/Katariina-lavalla-360x540.jpg 360w, https:\/\/taff.fi\/2021\/wp-content\/uploads\/Katariina-lavalla-768x1152.jpg 768w, https:\/\/taff.fi\/2021\/wp-content\/uploads\/Katariina-lavalla-1024x1536.jpg 1024w, https:\/\/taff.fi\/2021\/wp-content\/uploads\/Katariina-lavalla-1365x2048.jpg 1365w, https:\/\/taff.fi\/2021\/wp-content\/uploads\/Katariina-lavalla-1200x1800.jpg 1200w, https:\/\/taff.fi\/2021\/wp-content\/uploads\/Katariina-lavalla-1980x2970.jpg 1980w, https:\/\/taff.fi\/2021\/wp-content\/uploads\/Katariina-lavalla-600x900.jpg 600w, https:\/\/taff.fi\/2021\/wp-content\/uploads\/Katariina-lavalla-scaled.jpg 1707w\" sizes=\"(max-width: 720px) 100vw, 720px\" \/><figcaption id=\"caption-attachment-5357\" class=\"wp-caption-text\">Katariina Lillqvist. Lillqvistin arkistot.<\/figcaption><\/figure>\n<p><span style=\"font-weight: 400;\">Erityisesti nukkeanimaatioistaan tunnettu Lillqvist on niitt\u00e4nyt mainetta taitavana kirjallisuustaiteen ja animaation yhdist\u00e4j\u00e4n\u00e4. H\u00e4n on pokannut urallaan lukuisia palkintoja, joihin kuuluvat mm. Berlinalen Hopeinen Karhu, Tampereen elokuvajuhlien p\u00e4\u00e4palkinto sek\u00e4 Taiteen valtionpalkinto.<\/span><\/p>\n<p><span style=\"font-weight: 400;\">Festivaalin n\u00e4yt\u00f6sviikolla esitet\u00e4\u00e4n Lillqvistin erikoisn\u00e4yt\u00f6s, mink\u00e4 lis\u00e4ksi animaatiotaiteilija on j\u00e4senen\u00e4 kansainv\u00e4lisess\u00e4 raadissa arvioimassa ja palkitsemassa t\u00e4m\u00e4n vuoden festivaalin kilpan\u00e4yt\u00f6sten parhaat elokuvat sek\u00e4 luennoimassa alan ammattilaisille suunnatussa TAFF Pro -tapahtumassa. Luennollaan Lillqvist esittelee Franz Kafkan novelleihin perustuvaa animaatiotrilogiaansa.<\/span><\/p>\n<figure id=\"attachment_5347\" aria-describedby=\"caption-attachment-5347\" style=\"width: 1558px\" class=\"wp-caption alignnone\"><img decoding=\"async\" class=\"wp-image-5347 size-medium\" src=\"https:\/\/taff.fi\/2021\/wp-content\/uploads\/Country-Doctor-1558x1080.jpg\" alt=\"Stillkuva elokuvasta Maalaisl\u00e4\u00e4k\u00e4ri. Kuvassa pilvisess\u00e4 s\u00e4\u00e4ss\u00e4 i\u00e4k\u00e4s mies vaunuissa, ja vaunuja vet\u00e4\u00e4 pelk\u00e4t alaraajat ilman yl\u00e4kroppaa.\" width=\"1558\" height=\"1080\" srcset=\"https:\/\/taff.fi\/2021\/wp-content\/uploads\/Country-Doctor-1558x1080.jpg 1558w, https:\/\/taff.fi\/2021\/wp-content\/uploads\/Country-Doctor-779x540.jpg 779w, https:\/\/taff.fi\/2021\/wp-content\/uploads\/Country-Doctor-768x532.jpg 768w, https:\/\/taff.fi\/2021\/wp-content\/uploads\/Country-Doctor-1536x1065.jpg 1536w, https:\/\/taff.fi\/2021\/wp-content\/uploads\/Country-Doctor-2048x1419.jpg 2048w, https:\/\/taff.fi\/2021\/wp-content\/uploads\/Country-Doctor-1200x832.jpg 1200w, https:\/\/taff.fi\/2021\/wp-content\/uploads\/Country-Doctor-1980x1372.jpg 1980w, https:\/\/taff.fi\/2021\/wp-content\/uploads\/Country-Doctor-600x416.jpg 600w\" sizes=\"(max-width: 1558px) 100vw, 1558px\" \/><figcaption id=\"caption-attachment-5347\" class=\"wp-caption-text\">Elokuvasta Maalaisl\u00e4\u00e4k\u00e4ri (1996). Suomen elokuvas\u00e4\u00e4ti\u00f6n arkistot.<\/figcaption><\/figure>\n<p>Lue koko lehdist\u00f6tiedote <a href=\"https:\/\/mailchi.mp\/91aa57932fd3\/animaatiotaiteen-suomalainen-krkinimi-saapuu-kesll-turkuun?e=[UNIQID]\">t\u00e4\u00e4ll\u00e4!<\/a><\/p>\n","protected":false},"excerpt":{"rendered":"<p>Animaatiotaiteen suomalainen k\u00e4rkinimi saapuu kes\u00e4ll\u00e4 Turkuun Arvostettu suomalainen elokuva-alan ja animaation monitaituri Katariina Lillqvist saapuu elokuussa ilahduttamaan animaation yst\u00e4vi\u00e4 kansainv\u00e4liselle Turku Animated Film Festivalille, tuttavallisemmin [&hellip;]<\/p>\n","protected":false},"author":8,"featured_media":5355,"comment_status":"closed","ping_status":"closed","sticky":false,"template":"","format":"standard","meta":{"_acf_changed":false,"footnotes":""},"categories":[28],"tags":[],"class_list":["post-5367","post","type-post","status-publish","format-standard","has-post-thumbnail","hentry","category-uutiset"],"acf":[],"_links":{"self":[{"href":"https:\/\/taff.fi\/fi\/wp-json\/wp\/v2\/posts\/5367","targetHints":{"allow":["GET"]}}],"collection":[{"href":"https:\/\/taff.fi\/fi\/wp-json\/wp\/v2\/posts"}],"about":[{"href":"https:\/\/taff.fi\/fi\/wp-json\/wp\/v2\/types\/post"}],"author":[{"embeddable":true,"href":"https:\/\/taff.fi\/fi\/wp-json\/wp\/v2\/users\/8"}],"replies":[{"embeddable":true,"href":"https:\/\/taff.fi\/fi\/wp-json\/wp\/v2\/comments?post=5367"}],"version-history":[{"count":5,"href":"https:\/\/taff.fi\/fi\/wp-json\/wp\/v2\/posts\/5367\/revisions"}],"predecessor-version":[{"id":5372,"href":"https:\/\/taff.fi\/fi\/wp-json\/wp\/v2\/posts\/5367\/revisions\/5372"}],"wp:featuredmedia":[{"embeddable":true,"href":"https:\/\/taff.fi\/fi\/wp-json\/wp\/v2\/media\/5355"}],"wp:attachment":[{"href":"https:\/\/taff.fi\/fi\/wp-json\/wp\/v2\/media?parent=5367"}],"wp:term":[{"taxonomy":"category","embeddable":true,"href":"https:\/\/taff.fi\/fi\/wp-json\/wp\/v2\/categories?post=5367"},{"taxonomy":"post_tag","embeddable":true,"href":"https:\/\/taff.fi\/fi\/wp-json\/wp\/v2\/tags?post=5367"}],"curies":[{"name":"wp","href":"https:\/\/api.w.org\/{rel}","templated":true}]}}