{"id":5624,"date":"2024-06-11T16:25:01","date_gmt":"2024-06-11T13:25:01","guid":{"rendered":"https:\/\/taff.fi\/?p=5624"},"modified":"2024-06-11T16:25:01","modified_gmt":"2024-06-11T13:25:01","slug":"taff-pro-tarjoilee-korkealaatuista-ohjelmaa-ammattilaisille-ja-opiskelijoille","status":"publish","type":"post","link":"https:\/\/taff.fi\/fi\/taff-pro-tarjoilee-korkealaatuista-ohjelmaa-ammattilaisille-ja-opiskelijoille\/","title":{"rendered":"TAFF Pro tarjoilee korkealaatuista ohjelmaa ammattilaisille ja opiskelijoille"},"content":{"rendered":"<h2><b>TAFF Pro tarjoilee korkealaatuista ohjelmaa ammattilaisille ja opiskelijoille<\/b><\/h2>\n<p><span style=\"font-weight: 400;\">TAFF j\u00e4rjestet\u00e4\u00e4n yhdeks\u00e4tt\u00e4 kertaa vieh\u00e4tt\u00e4v\u00e4ll\u00e4 Manillan kulttuuritehtaalla 21.\u201325.8.2024, ja my\u00f6s alan tekij\u00f6iden suosima TAFF Pro tulee j\u00e4lleen! Festivaaliviikon aikana, <\/span><b>torstaina 22.8. <\/b><span style=\"font-weight: 400;\">ja <\/span><b>perjantaina 23.8.<\/b><span style=\"font-weight: 400;\">, toteutettavassa tapahtumassa on tarjolla ohjelmaa animaatio- ja elokuva-alan ammattilaisille sek\u00e4 alan opiskelijoille.<\/span><\/p>\n<p><span style=\"font-weight: 400;\">Luentoja TAFF Pro:ssa pit\u00e4v\u00e4t ansioituneet vieraat, joihin lukeutuvat k\u00e4sikirjoittaja <\/span><b>Leo Viirret<\/b><span style=\"font-weight: 400;\">, ruotsalainen animaatiotaiteilija <\/span><b>Niki Lindroth von Bahr <\/b><span style=\"font-weight: 400;\">ja animaatio-ohjaajana tunnettu<\/span><b> Katariina Lillqvist<\/b><span style=\"font-weight: 400;\">. Ohjelmassa on lis\u00e4ksi ainutlaatuinen Viirteen j\u00e4rjest\u00e4m\u00e4 k\u00e4sikirjoitusty\u00f6paja sek\u00e4 paneelikeskustelu, johon Lindroth von Bahrin ohella osallistuvat kirjailija-ohjaaja <\/span><b>Katja Kettu<\/b><span style=\"font-weight: 400;\"> ja elokuvantekij\u00e4 <\/span><b>CHRZU<\/b><span style=\"font-weight: 400;\">. TAFF Pro huipentuu kuratoituun erikoisn\u00e4yt\u00f6kseen, jonka teemana on sopeutuminen.<\/span><\/p>\n<p><span style=\"font-weight: 400;\">TAFF Pro:n tarkka ohjelma julkaistaan hein\u00e4kuussa.<\/span><\/p>\n<p>Ohjelman j\u00e4rjestelyit\u00e4 tukevat Animaatiokilta, AVEK, Suomalais-ruotsalainen kulttuurirahasto ja Suomen elokuvas\u00e4\u00e4ti\u00f6.<\/p>\n<h5><b>Mit\u00e4, miss\u00e4 ja milloin?\u00a0<\/b><\/h5>\n<p><span style=\"font-weight: 400;\">MIT\u00c4: Ammattilaisluentoja, k\u00e4sikirjoitusty\u00f6paja ja muuta hauskaa ammattilaisille ja opiskelijoille<\/span><\/p>\n<p><span style=\"font-weight: 400;\">MISS\u00c4: Viinatehdas @ Manillan kulttuuritehdas (<\/span><span style=\"font-weight: 400;\">It\u00e4inen Rantakatu 64b, 20810 Turku<\/span><span style=\"font-weight: 400;\">)<\/span><\/p>\n<p><span style=\"font-weight: 400;\">MILLOIN: to 22.8. ja pe 23.8.<\/span><\/p>\n<h4>Akkreditointi<\/h4>\n<p><span style=\"font-weight: 400;\">Animaatio-, elokuva- ja taidealojen ammattilaiset ja opiskelijat voivat hakea akkreditointia festivaalille. <\/span><span style=\"font-weight: 400;\">Akkreditoituneena voit ostaa TAFFin festivaalipassin alennettuun 30 \u20ac hintaan. Passi tulee ostaa paikan p\u00e4\u00e4lt\u00e4 festivaalin lippupisteelt\u00e4, jossa akkreditointistatus tarkastetaan. Festivaalipassilla p\u00e4\u00e4set osallistumaan kaikkiin n\u00e4yt\u00f6ksiin sek\u00e4 monipuoliseen TAFF Pro -ohjelmaan! <strong>Akkreditointi avautuu <a href=\"https:\/\/taff.fi\/fi\/ammattilaisille\/\">t\u00e4ll\u00e4 sivulla<\/a> hein\u00e4kuun aikana.<\/strong><\/span><\/p>\n<h5><strong>Tule mukaan ja viet\u00e4 inspiroiva kes\u00e4p\u00e4iv\u00e4 hurmaavassa milj\u00f6\u00f6ss\u00e4 muiden animaationn\u00e4lk\u00e4isten kanssa!<\/strong><\/h5>\n","protected":false},"excerpt":{"rendered":"<p>TAFF Pro tarjoilee korkealaatuista ohjelmaa ammattilaisille ja opiskelijoille TAFF j\u00e4rjestet\u00e4\u00e4n yhdeks\u00e4tt\u00e4 kertaa vieh\u00e4tt\u00e4v\u00e4ll\u00e4 Manillan kulttuuritehtaalla 21.\u201325.8.2024, ja my\u00f6s alan tekij\u00f6iden suosima TAFF Pro tulee j\u00e4lleen! [&hellip;]<\/p>\n","protected":false},"author":8,"featured_media":5633,"comment_status":"closed","ping_status":"closed","sticky":false,"template":"","format":"standard","meta":{"_acf_changed":false,"footnotes":""},"categories":[28],"tags":[],"class_list":["post-5624","post","type-post","status-publish","format-standard","has-post-thumbnail","hentry","category-uutiset"],"acf":[],"_links":{"self":[{"href":"https:\/\/taff.fi\/fi\/wp-json\/wp\/v2\/posts\/5624","targetHints":{"allow":["GET"]}}],"collection":[{"href":"https:\/\/taff.fi\/fi\/wp-json\/wp\/v2\/posts"}],"about":[{"href":"https:\/\/taff.fi\/fi\/wp-json\/wp\/v2\/types\/post"}],"author":[{"embeddable":true,"href":"https:\/\/taff.fi\/fi\/wp-json\/wp\/v2\/users\/8"}],"replies":[{"embeddable":true,"href":"https:\/\/taff.fi\/fi\/wp-json\/wp\/v2\/comments?post=5624"}],"version-history":[{"count":3,"href":"https:\/\/taff.fi\/fi\/wp-json\/wp\/v2\/posts\/5624\/revisions"}],"predecessor-version":[{"id":5646,"href":"https:\/\/taff.fi\/fi\/wp-json\/wp\/v2\/posts\/5624\/revisions\/5646"}],"wp:featuredmedia":[{"embeddable":true,"href":"https:\/\/taff.fi\/fi\/wp-json\/wp\/v2\/media\/5633"}],"wp:attachment":[{"href":"https:\/\/taff.fi\/fi\/wp-json\/wp\/v2\/media?parent=5624"}],"wp:term":[{"taxonomy":"category","embeddable":true,"href":"https:\/\/taff.fi\/fi\/wp-json\/wp\/v2\/categories?post=5624"},{"taxonomy":"post_tag","embeddable":true,"href":"https:\/\/taff.fi\/fi\/wp-json\/wp\/v2\/tags?post=5624"}],"curies":[{"name":"wp","href":"https:\/\/api.w.org\/{rel}","templated":true}]}}