{"id":7307,"date":"2024-08-26T19:03:31","date_gmt":"2024-08-26T16:03:31","guid":{"rendered":"https:\/\/taff.fi\/?p=7307"},"modified":"2024-08-27T20:25:05","modified_gmt":"2024-08-27T17:25:05","slug":"kiitos-taff-2024","status":"publish","type":"post","link":"https:\/\/taff.fi\/fi\/kiitos-taff-2024\/","title":{"rendered":"TAFF 2024 oli t\u00e4ynn\u00e4 suuria tunteita ja animaation juhlaa!"},"content":{"rendered":"\n<h2 class=\"wp-block-heading\"><strong>TAFF 2024 oli t\u00e4ynn\u00e4 suuria tunteita ja animaation juhlaa!<\/strong><\/h2>\n\n\n\n<p>Vuoden 2024 Turku Animated Film Festival on tullut p\u00e4\u00e4t\u00f6kseens\u00e4. On aika riisua festivaalipassi kaulasta ja s\u00e4il\u00f6\u00e4 uudet muistot hyv\u00e4\u00e4n talteen.<\/p>\n\n\n\n<figure class=\"wp-block-image size-full\"><img fetchpriority=\"high\" decoding=\"async\" width=\"2560\" height=\"1706\" src=\"https:\/\/taff.fi\/2021\/wp-content\/uploads\/image_123650291-4-scaled.jpg\" alt=\"\" class=\"wp-image-7257\" srcset=\"https:\/\/taff.fi\/2021\/wp-content\/uploads\/image_123650291-4-scaled.jpg 2560w, https:\/\/taff.fi\/2021\/wp-content\/uploads\/image_123650291-4-1620x1080.jpg 1620w, https:\/\/taff.fi\/2021\/wp-content\/uploads\/image_123650291-4-810x540.jpg 810w, https:\/\/taff.fi\/2021\/wp-content\/uploads\/image_123650291-4-768x512.jpg 768w, https:\/\/taff.fi\/2021\/wp-content\/uploads\/image_123650291-4-1536x1024.jpg 1536w, https:\/\/taff.fi\/2021\/wp-content\/uploads\/image_123650291-4-2048x1365.jpg 2048w, https:\/\/taff.fi\/2021\/wp-content\/uploads\/image_123650291-4-1200x800.jpg 1200w, https:\/\/taff.fi\/2021\/wp-content\/uploads\/image_123650291-4-1980x1320.jpg 1980w, https:\/\/taff.fi\/2021\/wp-content\/uploads\/image_123650291-4-600x400.jpg 600w\" sizes=\"(max-width: 2560px) 100vw, 2560px\" \/><figcaption class=\"wp-element-caption\">Animaation yst\u00e4vi\u00e4 katsomassa n\u00e4yt\u00f6st\u00e4. Kuva: Jussi Virkkumaa<\/figcaption><\/figure>\n\n\n\n<figure class=\"wp-block-image size-full\"><img decoding=\"async\" width=\"2048\" height=\"1365\" src=\"https:\/\/taff.fi\/2021\/wp-content\/uploads\/DSC3547.jpg\" alt=\"\" class=\"wp-image-7255\" srcset=\"https:\/\/taff.fi\/2021\/wp-content\/uploads\/DSC3547.jpg 2048w, https:\/\/taff.fi\/2021\/wp-content\/uploads\/DSC3547-1620x1080.jpg 1620w, https:\/\/taff.fi\/2021\/wp-content\/uploads\/DSC3547-810x540.jpg 810w, https:\/\/taff.fi\/2021\/wp-content\/uploads\/DSC3547-768x512.jpg 768w, https:\/\/taff.fi\/2021\/wp-content\/uploads\/DSC3547-1536x1024.jpg 1536w, https:\/\/taff.fi\/2021\/wp-content\/uploads\/DSC3547-1200x800.jpg 1200w, https:\/\/taff.fi\/2021\/wp-content\/uploads\/DSC3547-1980x1320.jpg 1980w, https:\/\/taff.fi\/2021\/wp-content\/uploads\/DSC3547-600x400.jpg 600w\" sizes=\"(max-width: 2048px) 100vw, 2048px\" \/><figcaption class=\"wp-element-caption\">Vahva ja keskeinen hahmo animaatiokulttuurin ja -koulutuksen takana Turussa ja koko Suomessa: Eija Saarinen nauttimassa TAFFin avajaisista. Kuva: Jussi Virkkumaa<\/figcaption><\/figure>\n\n\n\n<p>TAFF kokosi j\u00e4lleen paljon vanhoja tuttuja, mutta my\u00f6s uusia tuttavuuksia animaatiotaiteen \u00e4\u00e4relle. Kutsuvieraiden lis\u00e4ksi my\u00f6s yleis\u00f6 viihtyi hyvin festivaalilla, ja TAFF teki j\u00e4lleen t\u00e4n\u00e4 vuonna uuden k\u00e4vij\u00e4m\u00e4\u00e4r\u00e4enn\u00e4tyksen.<\/p>\n\n\n\n<p>\u201cT\u00e4m\u00e4n vuoden TAFFissa korostui ihmiset ja kohtaamiset. Monien ohjaajien lis\u00e4ksi festivaalilla n\u00e4htiin iloinen m\u00e4\u00e4r\u00e4 muita vieraita ja taiteilijoita. TAFFin parhaimpia anteja ovat aina olleet juuri keskustelut, ja minulla on t\u00e4n\u00e4 vuonna ollut etuoikeus toimia useamman upean vieraan haastattelijana\u201d, kertoo toista vuotta TAFFin festivaalijohtajana toimiva <strong>Annika Dahlsten<\/strong>.<\/p>\n\n\n\n<figure class=\"wp-block-image size-full\"><img decoding=\"async\" width=\"2048\" height=\"1365\" src=\"https:\/\/taff.fi\/2021\/wp-content\/uploads\/DSC3309.jpg\" alt=\"\" class=\"wp-image-7302\" srcset=\"https:\/\/taff.fi\/2021\/wp-content\/uploads\/DSC3309.jpg 2048w, https:\/\/taff.fi\/2021\/wp-content\/uploads\/DSC3309-1620x1080.jpg 1620w, https:\/\/taff.fi\/2021\/wp-content\/uploads\/DSC3309-810x540.jpg 810w, https:\/\/taff.fi\/2021\/wp-content\/uploads\/DSC3309-768x512.jpg 768w, https:\/\/taff.fi\/2021\/wp-content\/uploads\/DSC3309-1536x1024.jpg 1536w, https:\/\/taff.fi\/2021\/wp-content\/uploads\/DSC3309-1200x800.jpg 1200w, https:\/\/taff.fi\/2021\/wp-content\/uploads\/DSC3309-1980x1320.jpg 1980w, https:\/\/taff.fi\/2021\/wp-content\/uploads\/DSC3309-600x400.jpg 600w\" sizes=\"(max-width: 2048px) 100vw, 2048px\" \/><figcaption class=\"wp-element-caption\">Ihmisi\u00e4 nauttimassa TAFFin taiasta. Kuva: Jussi Virkkumaa<\/figcaption><\/figure>\n\n\n\n<p>Niin ik\u00e4\u00e4n pidetty TAFF Junior -ohjelmamme otettiin j\u00e4lleen avosylin vastaan. Torstaina ja perjantaina j\u00e4rjestettyihin koululaisn\u00e4yt\u00f6ksiin saapui innokasta nuorta yleis\u00f6\u00e4, jotka saivat nauttia kulttuurikokemuksesta turvallisessa ilmapiiriss\u00e4.<\/p>\n\n\n\n<p>Festivaalilla palkittiin t\u00e4n\u00e4 vuonna kymmenen elokuvaa. Kansainv\u00e4lisen kilpailun taso oli kova, mutta p\u00e4\u00e4palkinnon saaja k\u00e4vi tuomaristollemme nopeasti selv\u00e4ksi: t\u00e4m\u00e4n vuoden Grand Prix:n pokkasi <strong>Gianluigi Toccafondon<\/strong> v\u00e4rikk\u00e4\u00e4n tunnelmallinen ja nokkelasti eri tekniikoita yhdistelev\u00e4 <strong>La Voix des Sir\u00e8nes<\/strong>. TAFFin ohjelman kokonaiskuvassa korostui nukkeanimaatioiden m\u00e4\u00e4r\u00e4: vuoden jokaisessa n\u00e4yt\u00f6ksess\u00e4 n\u00e4htiin t\u00e4m\u00e4n haastavan ja kalliin animaatiotekniikan hy\u00f6dynt\u00e4mist\u00e4.<\/p>\n\n\n\n<p>Kiitoksemme menev\u00e4t ammattitaitoiselle ja karismaattiselle tuomaristollemme, joka koostui t\u00e4n\u00e4 vuonna <strong>Pernille Kjaerist\u00e4<\/strong>, <strong>Katariina Lillqvistist\u00e4<\/strong> ja <strong>Slave Lukarovista<\/strong>. Kiitos kuuluu my\u00f6s TAFF Junior -raadillemme, Luostarinvuoren koulun 8. kuvataideluokalle, joka valitsi TAFF Junior -palkinnon saajaksi <strong>Filip Diviakin<\/strong> ohjaaman elokuvan <strong>My Name is Edgar and I Have a Cow<\/strong>.<\/p>\n\n\n\n<figure class=\"wp-block-image size-full\"><img loading=\"lazy\" decoding=\"async\" width=\"2560\" height=\"1706\" src=\"https:\/\/taff.fi\/2021\/wp-content\/uploads\/image_123650291-3-2-scaled.jpg\" alt=\"\" class=\"wp-image-7259\" style=\"object-fit:cover\" srcset=\"https:\/\/taff.fi\/2021\/wp-content\/uploads\/image_123650291-3-2-scaled.jpg 2560w, https:\/\/taff.fi\/2021\/wp-content\/uploads\/image_123650291-3-2-1620x1080.jpg 1620w, https:\/\/taff.fi\/2021\/wp-content\/uploads\/image_123650291-3-2-810x540.jpg 810w, https:\/\/taff.fi\/2021\/wp-content\/uploads\/image_123650291-3-2-768x512.jpg 768w, https:\/\/taff.fi\/2021\/wp-content\/uploads\/image_123650291-3-2-1536x1024.jpg 1536w, https:\/\/taff.fi\/2021\/wp-content\/uploads\/image_123650291-3-2-2048x1365.jpg 2048w, https:\/\/taff.fi\/2021\/wp-content\/uploads\/image_123650291-3-2-1200x800.jpg 1200w, https:\/\/taff.fi\/2021\/wp-content\/uploads\/image_123650291-3-2-1980x1320.jpg 1980w, https:\/\/taff.fi\/2021\/wp-content\/uploads\/image_123650291-3-2-600x400.jpg 600w\" sizes=\"(max-width: 2560px) 100vw, 2560px\" \/><figcaption class=\"wp-element-caption\">Yhdeks\u00e4nnen edition TAFFin tuomaristo: Pernille Kjaer, Katariina Lillqvist and Slave Lukarov. Kuva: Jussi Virkkumaa<\/figcaption><\/figure>\n\n\n\n<figure class=\"wp-block-image size-full\"><img loading=\"lazy\" decoding=\"async\" width=\"2560\" height=\"1706\" src=\"https:\/\/taff.fi\/2021\/wp-content\/uploads\/image_123650291-1-scaled.jpg\" alt=\"\" class=\"wp-image-7261\" srcset=\"https:\/\/taff.fi\/2021\/wp-content\/uploads\/image_123650291-1-scaled.jpg 2560w, https:\/\/taff.fi\/2021\/wp-content\/uploads\/image_123650291-1-1620x1080.jpg 1620w, https:\/\/taff.fi\/2021\/wp-content\/uploads\/image_123650291-1-810x540.jpg 810w, https:\/\/taff.fi\/2021\/wp-content\/uploads\/image_123650291-1-768x512.jpg 768w, https:\/\/taff.fi\/2021\/wp-content\/uploads\/image_123650291-1-1536x1024.jpg 1536w, https:\/\/taff.fi\/2021\/wp-content\/uploads\/image_123650291-1-2048x1365.jpg 2048w, https:\/\/taff.fi\/2021\/wp-content\/uploads\/image_123650291-1-1200x800.jpg 1200w, https:\/\/taff.fi\/2021\/wp-content\/uploads\/image_123650291-1-1980x1320.jpg 1980w, https:\/\/taff.fi\/2021\/wp-content\/uploads\/image_123650291-1-600x400.jpg 600w\" sizes=\"(max-width: 2560px) 100vw, 2560px\" \/><figcaption class=\"wp-element-caption\">Tuomariston j\u00e4senen\u00e4 toimiminen vaatii suunnittelua ja omistautumista. Kuva: Jussi Virkkumaa<\/figcaption><\/figure>\n\n\n\n<figure class=\"wp-block-image size-full\"><img loading=\"lazy\" decoding=\"async\" width=\"2048\" height=\"1365\" src=\"https:\/\/taff.fi\/2021\/wp-content\/uploads\/DSC9953.jpg\" alt=\"\" class=\"wp-image-7263\" style=\"object-fit:cover\" srcset=\"https:\/\/taff.fi\/2021\/wp-content\/uploads\/DSC9953.jpg 2048w, https:\/\/taff.fi\/2021\/wp-content\/uploads\/DSC9953-1620x1080.jpg 1620w, https:\/\/taff.fi\/2021\/wp-content\/uploads\/DSC9953-810x540.jpg 810w, https:\/\/taff.fi\/2021\/wp-content\/uploads\/DSC9953-768x512.jpg 768w, https:\/\/taff.fi\/2021\/wp-content\/uploads\/DSC9953-1536x1024.jpg 1536w, https:\/\/taff.fi\/2021\/wp-content\/uploads\/DSC9953-1200x800.jpg 1200w, https:\/\/taff.fi\/2021\/wp-content\/uploads\/DSC9953-1980x1320.jpg 1980w, https:\/\/taff.fi\/2021\/wp-content\/uploads\/DSC9953-600x400.jpg 600w\" sizes=\"(max-width: 2048px) 100vw, 2048px\" \/><figcaption class=\"wp-element-caption\">TAFF Junior -raati, Luostarinvuoren koulun kuvataidelinjan kahdeksasluokkalaisia julkistamassa TAFF Junior -palkinnon voittajan: Kaspar M\u00f6ldre, Ben Eshet, Emilia Isomaa ja Alina Sj\u00f6. Photo: Jussi Virkkumaa<\/figcaption><\/figure>\n\n\n\n<figure class=\"wp-block-image size-full\"><img loading=\"lazy\" decoding=\"async\" width=\"2048\" height=\"1365\" src=\"https:\/\/taff.fi\/2021\/wp-content\/uploads\/DSC9607.jpg\" alt=\"\" class=\"wp-image-7287\" style=\"object-fit:cover\" srcset=\"https:\/\/taff.fi\/2021\/wp-content\/uploads\/DSC9607.jpg 2048w, https:\/\/taff.fi\/2021\/wp-content\/uploads\/DSC9607-1620x1080.jpg 1620w, https:\/\/taff.fi\/2021\/wp-content\/uploads\/DSC9607-810x540.jpg 810w, https:\/\/taff.fi\/2021\/wp-content\/uploads\/DSC9607-768x512.jpg 768w, https:\/\/taff.fi\/2021\/wp-content\/uploads\/DSC9607-1536x1024.jpg 1536w, https:\/\/taff.fi\/2021\/wp-content\/uploads\/DSC9607-1200x800.jpg 1200w, https:\/\/taff.fi\/2021\/wp-content\/uploads\/DSC9607-1980x1320.jpg 1980w, https:\/\/taff.fi\/2021\/wp-content\/uploads\/DSC9607-600x400.jpg 600w\" sizes=\"(max-width: 2048px) 100vw, 2048px\" \/><figcaption class=\"wp-element-caption\">Elli Vuorinen ottamassa vastaan parhaan kotimaisen elokuvan palkintoa elokuvastaan Flower Show (2023). Kuva: Jussi Virkkumaa<\/figcaption><\/figure>\n\n\n\n<figure class=\"wp-block-image size-full\"><img loading=\"lazy\" decoding=\"async\" width=\"2048\" height=\"1365\" src=\"https:\/\/taff.fi\/2021\/wp-content\/uploads\/DSC9662.jpg\" alt=\"\" class=\"wp-image-7289\" style=\"object-fit:cover\" srcset=\"https:\/\/taff.fi\/2021\/wp-content\/uploads\/DSC9662.jpg 2048w, https:\/\/taff.fi\/2021\/wp-content\/uploads\/DSC9662-1620x1080.jpg 1620w, https:\/\/taff.fi\/2021\/wp-content\/uploads\/DSC9662-810x540.jpg 810w, https:\/\/taff.fi\/2021\/wp-content\/uploads\/DSC9662-768x512.jpg 768w, https:\/\/taff.fi\/2021\/wp-content\/uploads\/DSC9662-1536x1024.jpg 1536w, https:\/\/taff.fi\/2021\/wp-content\/uploads\/DSC9662-1200x800.jpg 1200w, https:\/\/taff.fi\/2021\/wp-content\/uploads\/DSC9662-1980x1320.jpg 1980w, https:\/\/taff.fi\/2021\/wp-content\/uploads\/DSC9662-600x400.jpg 600w\" sizes=\"(max-width: 2048px) 100vw, 2048px\" \/><figcaption class=\"wp-element-caption\">Eleni Aerts voitti palkinnon parhaasta opiskelijaelokuvasta elokuvallaan Red Meat (2024). Kuva: Jussi Virkkumaa<\/figcaption><\/figure>\n\n\n\n<p>Kaikista festivaalilla palkituista elokuvista voit lukea <strong><a href=\"https:\/\/taff.fi\/fi\/taff-2024-voittajat\/\" target=\"_blank\" rel=\"noreferrer noopener\">t\u00e4\u00e4lt\u00e4<\/a><\/strong>.<\/p>\n\n\n\n<p>Vuoden 2024 TAFFissa my\u00f6s muistettiin erityisi\u00e4 virstanpylv\u00e4it\u00e4. Animaatiokoulutus Turussa juhlii t\u00e4n\u00e4 vuonna 30-vuotista taipalettaan, ja sen kunniaksi TAFFissa esitettiin parikin n\u00e4yt\u00f6st\u00e4 Taideakatemian arkistojen helmist\u00e4. My\u00f6s 20-vuotiasta Animaatiokoplaa juhlistettiin erikoisn\u00e4yt\u00f6ksen muodossa.<\/p>\n\n\n\n<p>TAFF tarjoili t\u00e4n\u00e4 kes\u00e4n\u00e4 enn\u00e4tysm\u00e4\u00e4r\u00e4n kaikille avoimia ja maksuttomia pop-up-tapahtumia, jotka p\u00e4\u00e4timme j\u00e4rjest\u00e4\u00e4 kaupunkilaisille helposti saavutettavissa paikoissa, kuten kirjastoissa. Tapahtumat olivat osa Turun kaupungin kulttuurin k\u00e4rkihankkeen pop-up-taiteen ohjelmaa.<\/p>\n\n\n\n<figure class=\"wp-block-image size-full\"><img loading=\"lazy\" decoding=\"async\" width=\"2560\" height=\"1707\" src=\"https:\/\/taff.fi\/2021\/wp-content\/uploads\/image_123650291-1-1-scaled.jpg\" alt=\"\" class=\"wp-image-7267\" style=\"object-fit:cover\" srcset=\"https:\/\/taff.fi\/2021\/wp-content\/uploads\/image_123650291-1-1-scaled.jpg 2560w, https:\/\/taff.fi\/2021\/wp-content\/uploads\/image_123650291-1-1-1620x1080.jpg 1620w, https:\/\/taff.fi\/2021\/wp-content\/uploads\/image_123650291-1-1-810x540.jpg 810w, https:\/\/taff.fi\/2021\/wp-content\/uploads\/image_123650291-1-1-768x512.jpg 768w, https:\/\/taff.fi\/2021\/wp-content\/uploads\/image_123650291-1-1-1536x1024.jpg 1536w, https:\/\/taff.fi\/2021\/wp-content\/uploads\/image_123650291-1-1-2048x1365.jpg 2048w, https:\/\/taff.fi\/2021\/wp-content\/uploads\/image_123650291-1-1-1200x800.jpg 1200w, https:\/\/taff.fi\/2021\/wp-content\/uploads\/image_123650291-1-1-1980x1320.jpg 1980w, https:\/\/taff.fi\/2021\/wp-content\/uploads\/image_123650291-1-1-600x400.jpg 600w\" sizes=\"(max-width: 2560px) 100vw, 2560px\" \/><figcaption class=\"wp-element-caption\">Yleis\u00f6\u00e4 nauttimassa ulkoilman\u00e4yt\u00f6ksest\u00e4 Brinkkalan sis\u00e4pihalla. Kuva: Jussi Virkkumaa<\/figcaption><\/figure>\n\n\n\n<figure class=\"wp-block-image size-full\"><img loading=\"lazy\" decoding=\"async\" width=\"2560\" height=\"1707\" src=\"https:\/\/taff.fi\/2021\/wp-content\/uploads\/image_123650291-4-1-scaled.jpg\" alt=\"\" class=\"wp-image-7269\" srcset=\"https:\/\/taff.fi\/2021\/wp-content\/uploads\/image_123650291-4-1-scaled.jpg 2560w, https:\/\/taff.fi\/2021\/wp-content\/uploads\/image_123650291-4-1-1620x1080.jpg 1620w, https:\/\/taff.fi\/2021\/wp-content\/uploads\/image_123650291-4-1-810x540.jpg 810w, https:\/\/taff.fi\/2021\/wp-content\/uploads\/image_123650291-4-1-768x512.jpg 768w, https:\/\/taff.fi\/2021\/wp-content\/uploads\/image_123650291-4-1-1536x1024.jpg 1536w, https:\/\/taff.fi\/2021\/wp-content\/uploads\/image_123650291-4-1-2048x1365.jpg 2048w, https:\/\/taff.fi\/2021\/wp-content\/uploads\/image_123650291-4-1-1200x800.jpg 1200w, https:\/\/taff.fi\/2021\/wp-content\/uploads\/image_123650291-4-1-1980x1320.jpg 1980w, https:\/\/taff.fi\/2021\/wp-content\/uploads\/image_123650291-4-1-600x400.jpg 600w\" sizes=\"(max-width: 2560px) 100vw, 2560px\" \/><figcaption class=\"wp-element-caption\">Ulkoilman\u00e4yt\u00f6ksen j\u00e4rjestiv\u00e4t yhdess\u00e4 TAFF, Turun elokuvakerho TEK ja Turun Kirjakahvila. Kuva: Jussi Virkkumaa<\/figcaption><\/figure>\n\n\n\n<p>Ilolla tarjosimme tilan Manillan Vanhalla viinatehtaalla Taideakatemian opiskelijoiden n\u00e4yttelylle. Avasimme festivaaliviikon alla my\u00f6s <strong><a href=\"https:\/\/www.galleriaaski.com\/tulevat-nayttelyt\/annika-dahlsten\" target=\"_blank\" rel=\"noreferrer noopener\">oman n\u00e4yttelymme<\/a><\/strong> Taiteen talon Galleria Askissa. Monipuolisesti animaatiotaidetta esittelev\u00e4 n\u00e4yttely on esill\u00e4 viel\u00e4 sunnuntaihin 1.9. asti.<\/p>\n\n\n\n<figure class=\"wp-block-image size-full\"><img loading=\"lazy\" decoding=\"async\" width=\"1706\" height=\"2560\" src=\"https:\/\/taff.fi\/2021\/wp-content\/uploads\/image_123650291-6-1-scaled.jpg\" alt=\"\" class=\"wp-image-7283\" srcset=\"https:\/\/taff.fi\/2021\/wp-content\/uploads\/image_123650291-6-1-scaled.jpg 1706w, https:\/\/taff.fi\/2021\/wp-content\/uploads\/image_123650291-6-1-720x1080.jpg 720w, https:\/\/taff.fi\/2021\/wp-content\/uploads\/image_123650291-6-1-360x540.jpg 360w, https:\/\/taff.fi\/2021\/wp-content\/uploads\/image_123650291-6-1-768x1152.jpg 768w, https:\/\/taff.fi\/2021\/wp-content\/uploads\/image_123650291-6-1-1024x1536.jpg 1024w, https:\/\/taff.fi\/2021\/wp-content\/uploads\/image_123650291-6-1-1365x2048.jpg 1365w, https:\/\/taff.fi\/2021\/wp-content\/uploads\/image_123650291-6-1-1200x1800.jpg 1200w, https:\/\/taff.fi\/2021\/wp-content\/uploads\/image_123650291-6-1-1980x2970.jpg 1980w, https:\/\/taff.fi\/2021\/wp-content\/uploads\/image_123650291-6-1-600x900.jpg 600w\" sizes=\"(max-width: 1706px) 100vw, 1706px\" \/><figcaption class=\"wp-element-caption\">Turun AMK:n Taideakatemian opiskelijat tekiv\u00e4t vaikutuksen installaatioillaan. Kuva: Jussi Virkkumaa <\/figcaption><\/figure>\n\n\n\n<figure class=\"wp-block-image size-large\"><img loading=\"lazy\" decoding=\"async\" width=\"3000\" height=\"2250\" src=\"https:\/\/taff.fi\/2021\/wp-content\/uploads\/IMG_9590-3000x2250.png\" alt=\"\" class=\"wp-image-7285\" style=\"object-fit:cover\" srcset=\"https:\/\/taff.fi\/2021\/wp-content\/uploads\/IMG_9590-3000x2250.png 3000w, https:\/\/taff.fi\/2021\/wp-content\/uploads\/IMG_9590-1440x1080.png 1440w, https:\/\/taff.fi\/2021\/wp-content\/uploads\/IMG_9590-720x540.png 720w, https:\/\/taff.fi\/2021\/wp-content\/uploads\/IMG_9590-768x576.png 768w, https:\/\/taff.fi\/2021\/wp-content\/uploads\/IMG_9590-1536x1152.png 1536w, https:\/\/taff.fi\/2021\/wp-content\/uploads\/IMG_9590-2048x1536.png 2048w, https:\/\/taff.fi\/2021\/wp-content\/uploads\/IMG_9590-1200x900.png 1200w, https:\/\/taff.fi\/2021\/wp-content\/uploads\/IMG_9590-1980x1485.png 1980w, https:\/\/taff.fi\/2021\/wp-content\/uploads\/IMG_9590-600x450.png 600w\" sizes=\"(max-width: 3000px) 100vw, 3000px\" \/><figcaption class=\"wp-element-caption\">Kiinnostunutta v\u00e4ke\u00e4 TAFFin n\u00e4yttelyn avajaisissa Galleria Askissa. Photo: Anna-Erika Nurmi<\/figcaption><\/figure>\n\n\n\n<p>TAFFin ammattilaisohjelma TAFF Pro veti j\u00e4lleen sankoin joukoin animaatio- ja elokuva-alan ammattilaisia paikalle. Kiitos <strong>Leo Viirret<\/strong>, Katariina Lillqvist, <strong>Niki Lindroth von Bahr<\/strong>, <strong>CHRZU<\/strong>, <strong>Katja Kettu<\/strong> sek\u00e4 <strong>Mika Koskinen<\/strong> korkeatasoisen ohjelman tarjoamisesta vieraillemme!<br><\/p>\n\n\n\n<figure class=\"wp-block-image size-full\"><img loading=\"lazy\" decoding=\"async\" width=\"2048\" height=\"1365\" src=\"https:\/\/taff.fi\/2021\/wp-content\/uploads\/DSC1508.jpg\" alt=\"\" class=\"wp-image-7273\" style=\"object-fit:cover\" srcset=\"https:\/\/taff.fi\/2021\/wp-content\/uploads\/DSC1508.jpg 2048w, https:\/\/taff.fi\/2021\/wp-content\/uploads\/DSC1508-1620x1080.jpg 1620w, https:\/\/taff.fi\/2021\/wp-content\/uploads\/DSC1508-810x540.jpg 810w, https:\/\/taff.fi\/2021\/wp-content\/uploads\/DSC1508-768x512.jpg 768w, https:\/\/taff.fi\/2021\/wp-content\/uploads\/DSC1508-1536x1024.jpg 1536w, https:\/\/taff.fi\/2021\/wp-content\/uploads\/DSC1508-1200x800.jpg 1200w, https:\/\/taff.fi\/2021\/wp-content\/uploads\/DSC1508-1980x1320.jpg 1980w, https:\/\/taff.fi\/2021\/wp-content\/uploads\/DSC1508-600x400.jpg 600w\" sizes=\"(max-width: 2048px) 100vw, 2048px\" \/><figcaption class=\"wp-element-caption\">Mestari itse: Leo Viirret vet\u00e4m\u00e4ss\u00e4 k\u00e4sikirjoitusty\u00f6pajaansa. Kuva: Jussi Virkkumaa<\/figcaption><\/figure>\n\n\n\n<figure class=\"wp-block-image size-full\"><img loading=\"lazy\" decoding=\"async\" width=\"2048\" height=\"1364\" src=\"https:\/\/taff.fi\/2021\/wp-content\/uploads\/DSC5737.jpg\" alt=\"\" class=\"wp-image-7271\" style=\"object-fit:cover\" srcset=\"https:\/\/taff.fi\/2021\/wp-content\/uploads\/DSC5737.jpg 2048w, https:\/\/taff.fi\/2021\/wp-content\/uploads\/DSC5737-1622x1080.jpg 1622w, https:\/\/taff.fi\/2021\/wp-content\/uploads\/DSC5737-811x540.jpg 811w, https:\/\/taff.fi\/2021\/wp-content\/uploads\/DSC5737-768x512.jpg 768w, https:\/\/taff.fi\/2021\/wp-content\/uploads\/DSC5737-1536x1023.jpg 1536w, https:\/\/taff.fi\/2021\/wp-content\/uploads\/DSC5737-1200x799.jpg 1200w, https:\/\/taff.fi\/2021\/wp-content\/uploads\/DSC5737-1980x1319.jpg 1980w, https:\/\/taff.fi\/2021\/wp-content\/uploads\/DSC5737-600x400.jpg 600w\" sizes=\"(max-width: 2048px) 100vw, 2048px\" \/><figcaption class=\"wp-element-caption\">Upea Niki Lindroth von Bahr pit\u00e4m\u00e4ss\u00e4 luentoaan. Kuva: Jussi Virkkumaa<\/figcaption><\/figure>\n\n\n\n<figure class=\"wp-block-image size-full\"><img loading=\"lazy\" decoding=\"async\" width=\"1688\" height=\"1206\" src=\"https:\/\/taff.fi\/2021\/wp-content\/uploads\/Pro-paneeli.png\" alt=\"\" class=\"wp-image-7275\" srcset=\"https:\/\/taff.fi\/2021\/wp-content\/uploads\/Pro-paneeli.png 1688w, https:\/\/taff.fi\/2021\/wp-content\/uploads\/Pro-paneeli-1512x1080.png 1512w, https:\/\/taff.fi\/2021\/wp-content\/uploads\/Pro-paneeli-756x540.png 756w, https:\/\/taff.fi\/2021\/wp-content\/uploads\/Pro-paneeli-768x549.png 768w, https:\/\/taff.fi\/2021\/wp-content\/uploads\/Pro-paneeli-1536x1097.png 1536w, https:\/\/taff.fi\/2021\/wp-content\/uploads\/Pro-paneeli-1200x857.png 1200w, https:\/\/taff.fi\/2021\/wp-content\/uploads\/Pro-paneeli-600x429.png 600w\" sizes=\"(max-width: 1688px) 100vw, 1688px\" \/><figcaption class=\"wp-element-caption\">Paneelikeskustelu sinet\u00f6i mielenkiintoisen TAFF Pro -ohjelman. Mika Koskinen keskustelun moderaattorina, Niki Lindroth von Bahr, Katja Kettu and CRHZU. Kuva: Annika Dahlsten<\/figcaption><\/figure>\n\n\n\n<p>Kiitos kovaa ty\u00f6t\u00e4 tehneille tuotantotiimille, talkoolaisille ja kaikille, jotka ovat olleet mukana rakentamassa TAFFia. Kiitos teille, rakas yleis\u00f6mme ja vieraamme, jotka teitte ty\u00f6st\u00e4mme erityisen merkityksellisen!<\/p>\n\n\n\n<p>TAFFin avajaisissa pit\u00e4m\u00e4ss\u00e4\u00e4n puheessa Turun kaupungin apulaispormestari <strong>Elina Rantanen<\/strong> nosti esiin, ett\u00e4 kaupungit ja heid\u00e4n asukkaansa eiv\u00e4t olisi juuri mit\u00e4\u00e4n ilman kulttuuria. T\u00e4h\u00e4n emme voi muuta kuin yhty\u00e4.<\/p>\n\n\n\n<figure class=\"wp-block-image size-full\"><img loading=\"lazy\" decoding=\"async\" width=\"2048\" height=\"1365\" src=\"https:\/\/taff.fi\/2021\/wp-content\/uploads\/DSC2420.jpg\" alt=\"\" class=\"wp-image-7277\" srcset=\"https:\/\/taff.fi\/2021\/wp-content\/uploads\/DSC2420.jpg 2048w, https:\/\/taff.fi\/2021\/wp-content\/uploads\/DSC2420-1620x1080.jpg 1620w, https:\/\/taff.fi\/2021\/wp-content\/uploads\/DSC2420-810x540.jpg 810w, https:\/\/taff.fi\/2021\/wp-content\/uploads\/DSC2420-768x512.jpg 768w, https:\/\/taff.fi\/2021\/wp-content\/uploads\/DSC2420-1536x1024.jpg 1536w, https:\/\/taff.fi\/2021\/wp-content\/uploads\/DSC2420-1200x800.jpg 1200w, https:\/\/taff.fi\/2021\/wp-content\/uploads\/DSC2420-1980x1320.jpg 1980w, https:\/\/taff.fi\/2021\/wp-content\/uploads\/DSC2420-600x400.jpg 600w\" sizes=\"(max-width: 2048px) 100vw, 2048px\" \/><figcaption class=\"wp-element-caption\">Turun kaupungin varapormestari Elina Rantanen pit\u00e4m\u00e4ss\u00e4 avajaispuhettaan. Kuva: Jussi Virkkumaa<\/figcaption><\/figure>\n\n\n\n<p>Kiitos TAIKE, Turun kaupunki, AVEK, Liedon s\u00e4\u00e4st\u00f6pankki, SES, Oskar \u00d6flunds Stiftelse, Pro Manilla -s\u00e4\u00e4ti\u00f6, Suomalais-ruotsalainen kulttuurirahasto ja Suomalais-tanskalainen kulttuurirahasto festivaalimme ja animaatiokulttuurin tukemisesta.<\/p>\n\n\n\n<p>Suuri kiitos my\u00f6s TAFFin sponsorit Scene Turku, Yle, SET, Pyjama, Rajupaja ja Animaatiokilta.<\/p>\n\n\n\n<p>Kiitos Panimoyhti\u00f6 X, laivahostelli S\/S Bore ja Bagelhouse, kun huolehditte tuotantotiimimme ja vieraidemme jaksamisesta!<\/p>\n\n\n\n<figure class=\"wp-block-image size-full\"><img loading=\"lazy\" decoding=\"async\" width=\"2560\" height=\"1706\" src=\"https:\/\/taff.fi\/2021\/wp-content\/uploads\/image_123650291-1-2-scaled.jpg\" alt=\"\" class=\"wp-image-7281\" srcset=\"https:\/\/taff.fi\/2021\/wp-content\/uploads\/image_123650291-1-2-scaled.jpg 2560w, https:\/\/taff.fi\/2021\/wp-content\/uploads\/image_123650291-1-2-1620x1080.jpg 1620w, https:\/\/taff.fi\/2021\/wp-content\/uploads\/image_123650291-1-2-810x540.jpg 810w, https:\/\/taff.fi\/2021\/wp-content\/uploads\/image_123650291-1-2-768x512.jpg 768w, https:\/\/taff.fi\/2021\/wp-content\/uploads\/image_123650291-1-2-1536x1024.jpg 1536w, https:\/\/taff.fi\/2021\/wp-content\/uploads\/image_123650291-1-2-2048x1365.jpg 2048w, https:\/\/taff.fi\/2021\/wp-content\/uploads\/image_123650291-1-2-1200x800.jpg 1200w, https:\/\/taff.fi\/2021\/wp-content\/uploads\/image_123650291-1-2-1980x1320.jpg 1980w, https:\/\/taff.fi\/2021\/wp-content\/uploads\/image_123650291-1-2-600x400.jpg 600w\" sizes=\"(max-width: 2560px) 100vw, 2560px\" \/><figcaption class=\"wp-element-caption\">TAFFin festivaalituottaja Roos Hekkens avaamassa vuoden 2024 TAFFin ensimm\u00e4isen n\u00e4yt\u00f6ksen. Kuva: Jussi Virkkumaa<\/figcaption><\/figure>\n\n\n\n<figure class=\"wp-block-image size-full\"><img loading=\"lazy\" decoding=\"async\" width=\"2048\" height=\"1365\" src=\"https:\/\/taff.fi\/2021\/wp-content\/uploads\/DSC9435.jpg\" alt=\"\" class=\"wp-image-7279\" srcset=\"https:\/\/taff.fi\/2021\/wp-content\/uploads\/DSC9435.jpg 2048w, https:\/\/taff.fi\/2021\/wp-content\/uploads\/DSC9435-1620x1080.jpg 1620w, https:\/\/taff.fi\/2021\/wp-content\/uploads\/DSC9435-810x540.jpg 810w, https:\/\/taff.fi\/2021\/wp-content\/uploads\/DSC9435-768x512.jpg 768w, https:\/\/taff.fi\/2021\/wp-content\/uploads\/DSC9435-1536x1024.jpg 1536w, https:\/\/taff.fi\/2021\/wp-content\/uploads\/DSC9435-1200x800.jpg 1200w, https:\/\/taff.fi\/2021\/wp-content\/uploads\/DSC9435-1980x1320.jpg 1980w, https:\/\/taff.fi\/2021\/wp-content\/uploads\/DSC9435-600x400.jpg 600w\" sizes=\"(max-width: 2048px) 100vw, 2048px\" \/><figcaption class=\"wp-element-caption\">Best of TAFF 2024 -n\u00e4yt\u00f6s veti Manilla-teatterin t\u00e4yteen. Kuva: Jussi Virkkumaa<\/figcaption><\/figure>\n\n\n\n<figure class=\"wp-block-image size-full\"><img loading=\"lazy\" decoding=\"async\" width=\"2048\" height=\"1365\" src=\"https:\/\/taff.fi\/2021\/wp-content\/uploads\/DSC8959.jpg\" alt=\"\" class=\"wp-image-7295\" srcset=\"https:\/\/taff.fi\/2021\/wp-content\/uploads\/DSC8959.jpg 2048w, https:\/\/taff.fi\/2021\/wp-content\/uploads\/DSC8959-1620x1080.jpg 1620w, https:\/\/taff.fi\/2021\/wp-content\/uploads\/DSC8959-810x540.jpg 810w, https:\/\/taff.fi\/2021\/wp-content\/uploads\/DSC8959-768x512.jpg 768w, https:\/\/taff.fi\/2021\/wp-content\/uploads\/DSC8959-1536x1024.jpg 1536w, https:\/\/taff.fi\/2021\/wp-content\/uploads\/DSC8959-1200x800.jpg 1200w, https:\/\/taff.fi\/2021\/wp-content\/uploads\/DSC8959-1980x1320.jpg 1980w, https:\/\/taff.fi\/2021\/wp-content\/uploads\/DSC8959-600x400.jpg 600w\" sizes=\"(max-width: 2048px) 100vw, 2048px\" \/><figcaption class=\"wp-element-caption\">Kiitos, TAFF 2024! Kuva: Jussi Virkkumaa<\/figcaption><\/figure>\n\n\n\n<p><strong>Hyv\u00e4\u00e4 ja v\u00e4rik\u00e4st\u00e4 syksy\u00e4 kaikille \u2013&nbsp;n\u00e4hd\u00e4\u00e4n taas ensi vuonna!<\/strong><\/p>\n","protected":false},"excerpt":{"rendered":"<p>TAFF 2024 oli t\u00e4ynn\u00e4 suuria tunteita ja animaation juhlaa! Vuoden 2024 Turku Animated Film Festival on tullut p\u00e4\u00e4t\u00f6kseens\u00e4. On aika riisua festivaalipassi kaulasta ja s\u00e4il\u00f6\u00e4 [&hellip;]<\/p>\n","protected":false},"author":8,"featured_media":7315,"comment_status":"closed","ping_status":"closed","sticky":false,"template":"","format":"standard","meta":{"_acf_changed":false,"footnotes":""},"categories":[28],"tags":[],"class_list":["post-7307","post","type-post","status-publish","format-standard","has-post-thumbnail","hentry","category-uutiset"],"acf":[],"_links":{"self":[{"href":"https:\/\/taff.fi\/fi\/wp-json\/wp\/v2\/posts\/7307","targetHints":{"allow":["GET"]}}],"collection":[{"href":"https:\/\/taff.fi\/fi\/wp-json\/wp\/v2\/posts"}],"about":[{"href":"https:\/\/taff.fi\/fi\/wp-json\/wp\/v2\/types\/post"}],"author":[{"embeddable":true,"href":"https:\/\/taff.fi\/fi\/wp-json\/wp\/v2\/users\/8"}],"replies":[{"embeddable":true,"href":"https:\/\/taff.fi\/fi\/wp-json\/wp\/v2\/comments?post=7307"}],"version-history":[{"count":22,"href":"https:\/\/taff.fi\/fi\/wp-json\/wp\/v2\/posts\/7307\/revisions"}],"predecessor-version":[{"id":7348,"href":"https:\/\/taff.fi\/fi\/wp-json\/wp\/v2\/posts\/7307\/revisions\/7348"}],"wp:featuredmedia":[{"embeddable":true,"href":"https:\/\/taff.fi\/fi\/wp-json\/wp\/v2\/media\/7315"}],"wp:attachment":[{"href":"https:\/\/taff.fi\/fi\/wp-json\/wp\/v2\/media?parent=7307"}],"wp:term":[{"taxonomy":"category","embeddable":true,"href":"https:\/\/taff.fi\/fi\/wp-json\/wp\/v2\/categories?post=7307"},{"taxonomy":"post_tag","embeddable":true,"href":"https:\/\/taff.fi\/fi\/wp-json\/wp\/v2\/tags?post=7307"}],"curies":[{"name":"wp","href":"https:\/\/api.w.org\/{rel}","templated":true}]}}