{"id":7396,"date":"2025-01-08T20:15:13","date_gmt":"2025-01-08T18:15:13","guid":{"rendered":"https:\/\/taff.fi\/?p=7396"},"modified":"2025-01-08T20:27:25","modified_gmt":"2025-01-08T18:27:25","slug":"haku-festivaalin-kilpasarjoihin-on-avattu-3","status":"publish","type":"post","link":"https:\/\/taff.fi\/fi\/haku-festivaalin-kilpasarjoihin-on-avattu-3\/","title":{"rendered":"Haku festivaalin kilpasarjoihin on avattu!"},"content":{"rendered":"\n<p><p>TAFF viett\u00e4\u00e4 kymmenvuotisjuhliaan ja festivaali j\u00e4rjestet\u00e4\u00e4n Suomen animaatiop\u00e4\u00e4kaupungissa Turussa 20. &#8211; 24.8.2025!<br><br>T\u00e4m\u00e4n vuoden kilpailuilmoittautuminen on auki 31.3.2025 saakka. Hae kilpasarjoihin alla olevan linkin kautta!<a href=\"https:\/\/filmfreeway.com\/TAFF-TurkuAnimatedFilmFestival\"><img fetchpriority=\"high\" decoding=\"async\" width=\"387\" height=\"150\" class=\"alignnone wp-image-5167\" src=\"https:\/\/taff.fi\/2021\/wp-content\/uploads\/med_submission_btn2x-black.png\" alt=\"\"><\/a>Turku Animated Film Festival \u2013 tuttavallisemmin TAFF \u2013 on kansainv\u00e4linen elokuvafestivaali, joka juhlistaa animaation taidetta ja luovaa mielt\u00e4.<br><br>Vuonna 2025 pidett\u00e4v\u00e4n TAFFin kilpasarjat esittelev\u00e4t rohkean omaper\u00e4isi\u00e4, tinkim\u00e4tt\u00f6mi\u00e4 ja kekseli\u00e4it\u00e4 alle 30 minuutin mittaisia animaatioelokuvia. Kilpailussa on kategoriat kansainv\u00e4lisille ammattilais- ja opiskelijaelokuville, kotimaisille elokuville sek\u00e4 junioreille suunnatuille elokuville. Kansainv\u00e4listen sarjojen elokuvat kilpailevat <strong>Grand Prix<\/strong>\u2019st\u00e4 ett\u00e4 <strong>Tough Eye<\/strong> -palkinnosta. Lis\u00e4ksi festivaalilla jaetaan palkinnot <strong>parhaalle ammattilais- sek\u00e4 opiskelijaelokuvalle ja yleis\u00f6n suosikkielokuvalle<\/strong>. Kotimaisen sarjan elokuvat kilpailevat <strong>parhaan kotimaisen elokuvan palkinnosta<\/strong>. <strong>TAFF Junior<\/strong> -sarjaan valituille elokuville on my\u00f6s oma palkintonsa. Kilpasarjojen ohella festivaalin ohjelmisto koostuu huolella kuratoiduista teeman\u00e4yt\u00f6ksist\u00e4, ty\u00f6pajoista, keskustelutilaisuuksista, n\u00e4yttelyist\u00e4 sek\u00e4 tietenkin juhlallisuuksista.<br><br>TAFF toteutetaan Suomen animaatiop\u00e4\u00e4kaupunki Turussa, Manillan vieh\u00e4tt\u00e4v\u00e4n rosoisessa tehdaskorttelissa Aurajoen rannalla sek\u00e4 Turun uudessa Taiteen talossa, Vanhankaupungin sykkiv\u00e4ss\u00e4 syd\u00e4mess\u00e4.<br><br>Festivaalia j\u00e4rjest\u00e4\u00e4 voittoa tavoittelematon yhdistys Turun elokuvatapahtumat ry.<\/p><br><p><img decoding=\"async\" width=\"1000\" height=\"423\" class=\"alignnone wp-image-7380\" src=\"https:\/\/taff.fi\/2021\/wp-content\/uploads\/2025_TEMP_Facebook-Cover-Photos.jpg\" alt=\"TAFF logo for entries 2025\" srcset=\"https:\/\/taff.fi\/2021\/wp-content\/uploads\/2025_TEMP_Facebook-Cover-Photos.jpg 851w, https:\/\/taff.fi\/2021\/wp-content\/uploads\/2025_TEMP_Facebook-Cover-Photos-768x325.jpg 768w, https:\/\/taff.fi\/2021\/wp-content\/uploads\/2025_TEMP_Facebook-Cover-Photos-600x254.jpg 600w\" sizes=\"(max-width: 1000px) 100vw, 1000px\" \/><\/p><\/p>\n","protected":false},"excerpt":{"rendered":"<p>TAFF viett\u00e4\u00e4 kymmenvuotisjuhliaan ja festivaali j\u00e4rjestet\u00e4\u00e4n Suomen animaatiop\u00e4\u00e4kaupungissa Turussa 20. &#8211; 24.8.2025! T\u00e4m\u00e4n vuoden kilpailuilmoittautuminen on auki 31.3.2025 saakka. Hae kilpasarjoihin alla olevan linkin kautta!Turku [&hellip;]<\/p>\n","protected":false},"author":8,"featured_media":7393,"comment_status":"closed","ping_status":"closed","sticky":false,"template":"","format":"standard","meta":{"_acf_changed":false,"footnotes":""},"categories":[28],"tags":[],"class_list":["post-7396","post","type-post","status-publish","format-standard","has-post-thumbnail","hentry","category-uutiset"],"acf":[],"_links":{"self":[{"href":"https:\/\/taff.fi\/fi\/wp-json\/wp\/v2\/posts\/7396","targetHints":{"allow":["GET"]}}],"collection":[{"href":"https:\/\/taff.fi\/fi\/wp-json\/wp\/v2\/posts"}],"about":[{"href":"https:\/\/taff.fi\/fi\/wp-json\/wp\/v2\/types\/post"}],"author":[{"embeddable":true,"href":"https:\/\/taff.fi\/fi\/wp-json\/wp\/v2\/users\/8"}],"replies":[{"embeddable":true,"href":"https:\/\/taff.fi\/fi\/wp-json\/wp\/v2\/comments?post=7396"}],"version-history":[{"count":1,"href":"https:\/\/taff.fi\/fi\/wp-json\/wp\/v2\/posts\/7396\/revisions"}],"predecessor-version":[{"id":7397,"href":"https:\/\/taff.fi\/fi\/wp-json\/wp\/v2\/posts\/7396\/revisions\/7397"}],"wp:featuredmedia":[{"embeddable":true,"href":"https:\/\/taff.fi\/fi\/wp-json\/wp\/v2\/media\/7393"}],"wp:attachment":[{"href":"https:\/\/taff.fi\/fi\/wp-json\/wp\/v2\/media?parent=7396"}],"wp:term":[{"taxonomy":"category","embeddable":true,"href":"https:\/\/taff.fi\/fi\/wp-json\/wp\/v2\/categories?post=7396"},{"taxonomy":"post_tag","embeddable":true,"href":"https:\/\/taff.fi\/fi\/wp-json\/wp\/v2\/tags?post=7396"}],"curies":[{"name":"wp","href":"https:\/\/api.w.org\/{rel}","templated":true}]}}