{"id":7566,"date":"2025-06-19T12:04:47","date_gmt":"2025-06-19T09:04:47","guid":{"rendered":"https:\/\/taff.fi\/?p=7566"},"modified":"2025-07-20T16:50:45","modified_gmt":"2025-07-20T13:50:45","slug":"taffin-taman-vuoden-tiimi","status":"publish","type":"post","link":"https:\/\/taff.fi\/fi\/taffin-taman-vuoden-tiimi\/","title":{"rendered":"TAFFin t\u00e4m\u00e4n vuoden tiimi!"},"content":{"rendered":"\n<h2 class=\"wp-block-heading\">Tutustu TAFFin t\u00e4m\u00e4n vuoden tiimiin!<\/h2>\n\n\n\n<p>Turku Animated Film Festival koostuu taitavasta joukosta alan ammattilaisia, taiteilijoita, kuraattoreita ja animaation yst\u00e4vi\u00e4, jotka tuovat esille vuodesta toiseen animaatiotaiteen parhaimmiston. Heid\u00e4n panoksensa mahdollistaa sen, ett\u00e4 TAFF juhlii t\u00e4n\u00e4 vuonna jo kymmenett\u00e4 kertaa \u2013 t\u00e4ss\u00e4 he ovat!&nbsp;<br><\/p>\n\n\n<div class=\"wp-block-image\">\n<figure class=\"aligncenter size-full is-resized\"><img fetchpriority=\"high\" decoding=\"async\" width=\"1909\" height=\"2500\" src=\"https:\/\/taff.fi\/2021\/wp-content\/uploads\/AnnikaDahlsten_Headshot2016_original-1.jpg\" alt=\"\" class=\"wp-image-7537\" style=\"aspect-ratio:1;object-fit:cover;width:400px\" srcset=\"https:\/\/taff.fi\/2021\/wp-content\/uploads\/AnnikaDahlsten_Headshot2016_original-1.jpg 1909w, https:\/\/taff.fi\/2021\/wp-content\/uploads\/AnnikaDahlsten_Headshot2016_original-1-825x1080.jpg 825w, https:\/\/taff.fi\/2021\/wp-content\/uploads\/AnnikaDahlsten_Headshot2016_original-1-412x540.jpg 412w, https:\/\/taff.fi\/2021\/wp-content\/uploads\/AnnikaDahlsten_Headshot2016_original-1-768x1006.jpg 768w, https:\/\/taff.fi\/2021\/wp-content\/uploads\/AnnikaDahlsten_Headshot2016_original-1-1173x1536.jpg 1173w, https:\/\/taff.fi\/2021\/wp-content\/uploads\/AnnikaDahlsten_Headshot2016_original-1-1564x2048.jpg 1564w, https:\/\/taff.fi\/2021\/wp-content\/uploads\/AnnikaDahlsten_Headshot2016_original-1-1200x1572.jpg 1200w, https:\/\/taff.fi\/2021\/wp-content\/uploads\/AnnikaDahlsten_Headshot2016_original-1-600x786.jpg 600w\" sizes=\"(max-width: 1909px) 100vw, 1909px\" \/><\/figure>\n<\/div>\n\n\n<p class=\"has-text-align-center\"><strong>Annika Dahlsten, festivaalijohtaja<\/strong><\/p>\n\n\n\n<p class=\"has-text-align-center\">Toimin kolmatta vuotta TAFFin festivaalijohtajana. Ty\u00f6ni pit\u00e4\u00e4 sis\u00e4ll\u00e4\u00e4n festivaalin suunnittelua, rahoituksen hakua ja sis\u00e4lt\u00f6jen ideointia yhdess\u00e4 taustalla toimivan Turun elokuvatapahtumat ry:n hallituksen kanssa. Toimin my\u00f6s tuotantotiimin esihenkil\u00f6n\u00e4 ja yhteyshenkil\u00f6n\u00e4 kumppaneihimme.&nbsp; T\u00e4n\u00e4 vuonna olen kuratoinut n\u00e4yttelyit\u00e4mme ja suunnitellut TAFF Pro -ohjelmistoamme. Vuosi on erityinen, t\u00e4ytt\u00e4\u00e4h\u00e4n TAFF jo 10 vuotta!<\/p>\n\n\n\n<p class=\"has-text-align-center\">Kokemusta minulla on taidetuotannoista ja projekteista Taikelta, Suomen Kulttuurirahastosta ja Koneen S\u00e4\u00e4ti\u00f6st\u00e4. Olen valmistunut Turun Taideakatemiasta animaatio-ohjaajaksi ja kuvataiteilijaksi, ja teoksiani on esitetty sek\u00e4 kotimaassa ett\u00e4 ulkomailla, n\u00e4yttelyiss\u00e4 ja festivaaleilla. TAFF on minulle rakas festivaali ja olen osallistunut siihen alusta pit\u00e4en. Minusta on upeaa olla tekem\u00e4ss\u00e4 TAFFia osana kansainv\u00e4list\u00e4 animaatioskene\u00e4!<\/p>\n\n\n<div class=\"wp-block-image\">\n<figure class=\"aligncenter size-full is-resized\"><img decoding=\"async\" width=\"945\" height=\"945\" src=\"https:\/\/taff.fi\/2021\/wp-content\/uploads\/Joni-1.jpeg\" alt=\"\" class=\"wp-image-7539\" style=\"aspect-ratio:1;object-fit:cover;width:400px\" srcset=\"https:\/\/taff.fi\/2021\/wp-content\/uploads\/Joni-1.jpeg 945w, https:\/\/taff.fi\/2021\/wp-content\/uploads\/Joni-1-540x540.jpeg 540w, https:\/\/taff.fi\/2021\/wp-content\/uploads\/Joni-1-768x768.jpeg 768w, https:\/\/taff.fi\/2021\/wp-content\/uploads\/Joni-1-450x450.jpeg 450w, https:\/\/taff.fi\/2021\/wp-content\/uploads\/Joni-1-600x600.jpeg 600w, https:\/\/taff.fi\/2021\/wp-content\/uploads\/Joni-1-100x100.jpeg 100w\" sizes=\"(max-width: 945px) 100vw, 945px\" \/><\/figure>\n<\/div>\n\n\n<p class=\"has-text-align-center\"><strong>Joni M\u00e4nnist\u00f6, taiteellinen johtaja<\/strong><\/p>\n\n\n\n<p class=\"has-text-align-center\">Olen toiminut TAFFin taiteellisena johtajana festivaalin alusta asti ja t\u00e4n\u00e4 vuonna olen saanut rakentaa festivaalin ohjelmistoa jo kymmenett\u00e4 kertaa. Koulutukseltani olen animaattori ja animaatio-ohjaaja, jonka lis\u00e4ksi olen muuan muassa tehnyt my\u00f6s opetusty\u00f6t\u00e4 ja kuratoinut animaation\u00e4yt\u00f6ksi\u00e4 kansainv\u00e4lisiin tapahtumiin. T\u00e4ht\u00e4imen\u00e4ni festivaalin taiteellisena johtajana on tuoda laadukasta kansainv\u00e4list\u00e4 animaatiotaidetta kotimaisen yleis\u00f6n n\u00e4ht\u00e4v\u00e4ksi ja toivottavasti sen my\u00f6t\u00e4 inspiroida sek\u00e4 ammattilaisia, elokuvafaneja ett\u00e4 tulevaisuuden animaattoreita.<\/p>\n\n\n<div class=\"wp-block-image\">\n<figure class=\"aligncenter size-full is-resized\"><img decoding=\"async\" width=\"1600\" height=\"1486\" src=\"https:\/\/taff.fi\/2021\/wp-content\/uploads\/Veronika.jpeg\" alt=\"\" class=\"wp-image-7499\" style=\"aspect-ratio:1;object-fit:cover;width:400px;height:auto\" srcset=\"https:\/\/taff.fi\/2021\/wp-content\/uploads\/Veronika.jpeg 1600w, https:\/\/taff.fi\/2021\/wp-content\/uploads\/Veronika-1163x1080.jpeg 1163w, https:\/\/taff.fi\/2021\/wp-content\/uploads\/Veronika-581x540.jpeg 581w, https:\/\/taff.fi\/2021\/wp-content\/uploads\/Veronika-768x713.jpeg 768w, https:\/\/taff.fi\/2021\/wp-content\/uploads\/Veronika-1536x1427.jpeg 1536w, https:\/\/taff.fi\/2021\/wp-content\/uploads\/Veronika-1200x1115.jpeg 1200w, https:\/\/taff.fi\/2021\/wp-content\/uploads\/Veronika-600x557.jpeg 600w\" sizes=\"(max-width: 1600px) 100vw, 1600px\" \/><\/figure>\n<\/div>\n\n\n<p class=\"has-text-align-center\"><strong>Veronika Sekne, esivalitsija<\/strong><\/p>\n\n\n\n<p class=\"has-text-align-center\">Olen ty\u00f6skennellyt TAFFin esivalitsijana vuodesta 2019. Tutustuin itsen\u00e4iseen animaatioon festivaaleilla, mik\u00e4 johti lopulta siihen, ett\u00e4 suoritin stop motion -maisterintutkinnon Espanjassa. Vahva haluni tutkia maailmaa on johtanut hyvin nomadiseen el\u00e4m\u00e4ntapaan: liikun kotikaupunkini Ljubljanan ja rakkaan Barcelonan v\u00e4lill\u00e4 ja otan el\u00e4m\u00e4st\u00e4 kaiken irti el\u00e4en tien p\u00e4\u00e4ll\u00e4, reppu sel\u00e4ss\u00e4 kulkien.<\/p>\n\n\n<div class=\"wp-block-image\">\n<figure class=\"aligncenter size-large is-resized\"><img loading=\"lazy\" decoding=\"async\" width=\"2000\" height=\"3000\" src=\"https:\/\/taff.fi\/2021\/wp-content\/uploads\/Anton-esittelykuva-1-2000x3000.jpg\" alt=\"\" class=\"wp-image-7541\" style=\"aspect-ratio:1;object-fit:cover;width:400px\" srcset=\"https:\/\/taff.fi\/2021\/wp-content\/uploads\/Anton-esittelykuva-1-2000x3000.jpg 2000w, https:\/\/taff.fi\/2021\/wp-content\/uploads\/Anton-esittelykuva-1-720x1080.jpg 720w, https:\/\/taff.fi\/2021\/wp-content\/uploads\/Anton-esittelykuva-1-360x540.jpg 360w, https:\/\/taff.fi\/2021\/wp-content\/uploads\/Anton-esittelykuva-1-768x1152.jpg 768w, https:\/\/taff.fi\/2021\/wp-content\/uploads\/Anton-esittelykuva-1-1024x1536.jpg 1024w, https:\/\/taff.fi\/2021\/wp-content\/uploads\/Anton-esittelykuva-1-1365x2048.jpg 1365w, https:\/\/taff.fi\/2021\/wp-content\/uploads\/Anton-esittelykuva-1-1200x1800.jpg 1200w, https:\/\/taff.fi\/2021\/wp-content\/uploads\/Anton-esittelykuva-1-1980x2970.jpg 1980w, https:\/\/taff.fi\/2021\/wp-content\/uploads\/Anton-esittelykuva-1-600x900.jpg 600w, https:\/\/taff.fi\/2021\/wp-content\/uploads\/Anton-esittelykuva-1-scaled.jpg 1707w\" sizes=\"(max-width: 2000px) 100vw, 2000px\" \/><\/figure>\n<\/div>\n\n\n<p class=\"has-text-align-center\"><strong>Anton Perttu, p\u00e4\u00e4tuottaja<\/strong><\/p>\n\n\n\n<p class=\"has-text-align-center\">Olen nyt kolmatta vuotta mukana TAFFin tuotannossa. Vuosien aikana festivaali on opettanut minulle paljon animaatioskenest\u00e4 ja taideanimaatiosta, sill\u00e4 tulen itse t\u00e4ysin n\u00e4iden alojen ulkopuolelta. Olen koulutukseltani tapahtumatuottaja, ja minuun voikin t\u00f6rm\u00e4ill\u00e4 useammassa eri tapahtumassa Turussa ymp\u00e4ri vuoden, sill\u00e4 en ole viel\u00e4 oppinut sanomaan ei erilaisille projekteille tai uusille kokemuksille.<\/p>\n\n\n\n<p class=\"has-text-align-center\">TAFFissa teen l\u00e4hes kaikkea k\u00e4yt\u00e4nn\u00f6n tuotantoon liittyv\u00e4\u00e4, kuten ohjelmakartan suunnittelua, yhteisty\u00f6kumppanuuksien solmimista, kansainv\u00e4listen ja kotimaisten vieraiden kanssa kommunikointia sek\u00e4 talouden seurantaa. TAFF on minulle t\u00e4rke\u00e4 osa vuotta, sill\u00e4 sen suunnittelu ja valmistelu helposti imaisee mukaansa koko kes\u00e4ksi ja animaation taika kest\u00e4\u00e4 pitk\u00e4\u00e4n!<\/p>\n\n\n<div class=\"wp-block-image\">\n<figure class=\"aligncenter size-large is-resized\"><img loading=\"lazy\" decoding=\"async\" width=\"3000\" height=\"2240\" src=\"https:\/\/taff.fi\/2021\/wp-content\/uploads\/TAFF-ELIAS-KUVA-3000x2240.jpg\" alt=\"\" class=\"wp-image-7543\" style=\"aspect-ratio:1;object-fit:cover;width:400px\" srcset=\"https:\/\/taff.fi\/2021\/wp-content\/uploads\/TAFF-ELIAS-KUVA-3000x2240.jpg 3000w, https:\/\/taff.fi\/2021\/wp-content\/uploads\/TAFF-ELIAS-KUVA-1447x1080.jpg 1447w, https:\/\/taff.fi\/2021\/wp-content\/uploads\/TAFF-ELIAS-KUVA-723x540.jpg 723w, https:\/\/taff.fi\/2021\/wp-content\/uploads\/TAFF-ELIAS-KUVA-768x573.jpg 768w, https:\/\/taff.fi\/2021\/wp-content\/uploads\/TAFF-ELIAS-KUVA-1536x1147.jpg 1536w, https:\/\/taff.fi\/2021\/wp-content\/uploads\/TAFF-ELIAS-KUVA-2048x1529.jpg 2048w, https:\/\/taff.fi\/2021\/wp-content\/uploads\/TAFF-ELIAS-KUVA-1200x896.jpg 1200w, https:\/\/taff.fi\/2021\/wp-content\/uploads\/TAFF-ELIAS-KUVA-1980x1478.jpg 1980w, https:\/\/taff.fi\/2021\/wp-content\/uploads\/TAFF-ELIAS-KUVA-600x448.jpg 600w\" sizes=\"(max-width: 3000px) 100vw, 3000px\" \/><\/figure>\n<\/div>\n\n\n<p class=\"has-text-align-center\"><strong>Elias Jurvanen, tiedottaja<\/strong><\/p>\n\n\n\n<p class=\"has-text-align-center\">Olen Elias ja toimin TAFFin tiedottajana. Vastuualueeni kattaa festivaalin viestinn\u00e4n ja markkinoinnin arjen: ty\u00f6st\u00e4n esimerkiksi julkaisuja, p\u00e4ivit\u00e4n nettisivuja ja kirjoitan tiedotteita. T\u00e4n\u00e4 vuonna pyrin luomaan erityisesti kiinnostavaa videosis\u00e4lt\u00f6\u00e4 sek\u00e4 tuomaan esiin 10-vuotiaan festivaalin v\u00e4rik\u00e4st\u00e4 historiaa.<\/p>\n\n\n\n<p class=\"has-text-align-center\">Minulla on monipuolisesti aikaisempaa kokemusta viestint\u00e4teht\u00e4vist\u00e4, kulttuurialalta sek\u00e4 elokuvafestivaaleilta. Olen opintojeni my\u00f6t\u00e4 audiovisuaalisen median asiantuntija, mutta taideanimaatio on itselleni viel\u00e4 varsin uusi tuttavuus. On siis ollut ilo p\u00e4\u00e4st\u00e4 kurkistamaan t\u00e4n\u00e4 kes\u00e4n\u00e4 animaation kiehtovaan maailmaan. N\u00e4hd\u00e4\u00e4n festareilla!<\/p>\n\n\n<div class=\"wp-block-image\">\n<figure class=\"aligncenter size-full is-resized\"><img loading=\"lazy\" decoding=\"async\" width=\"1282\" height=\"1710\" src=\"https:\/\/taff.fi\/2021\/wp-content\/uploads\/Ylva-esittelykuva-1.jpg\" alt=\"\" class=\"wp-image-7545\" style=\"aspect-ratio:1;object-fit:cover;width:400px\" srcset=\"https:\/\/taff.fi\/2021\/wp-content\/uploads\/Ylva-esittelykuva-1.jpg 1282w, https:\/\/taff.fi\/2021\/wp-content\/uploads\/Ylva-esittelykuva-1-810x1080.jpg 810w, https:\/\/taff.fi\/2021\/wp-content\/uploads\/Ylva-esittelykuva-1-405x540.jpg 405w, https:\/\/taff.fi\/2021\/wp-content\/uploads\/Ylva-esittelykuva-1-768x1024.jpg 768w, https:\/\/taff.fi\/2021\/wp-content\/uploads\/Ylva-esittelykuva-1-1152x1536.jpg 1152w, https:\/\/taff.fi\/2021\/wp-content\/uploads\/Ylva-esittelykuva-1-1200x1601.jpg 1200w, https:\/\/taff.fi\/2021\/wp-content\/uploads\/Ylva-esittelykuva-1-600x800.jpg 600w\" sizes=\"(max-width: 1282px) 100vw, 1282px\" \/><\/figure>\n<\/div>\n\n\n<p class=\"has-text-align-center\"><strong>Ylva-Lii Wahlstr\u00f6m, talkoovastaava<\/strong><\/p>\n\n\n\n<p class=\"has-text-align-center\">Olen Ylva, TAFFin talkoolaisten ohjaaja nyt jo kolmatta kertaa putkeen. Olen Turun Taideakatemiasta valmistunut animaattori ja kuvittaja, ja aloitan festivaalin j\u00e4lkeen opinnot Aalto-yliopiston animaation maisteriohjelmassa. Odotan mielenkiinnolla niin uusien kuin ennest\u00e4\u00e4n tuttujen vapaaehtoisten tapaamista sek\u00e4 uunituoreiden laatulyh\u00e4rien n\u00e4kemist\u00e4.<\/p>\n\n\n<div class=\"wp-block-image\">\n<figure class=\"aligncenter size-full is-resized\"><img loading=\"lazy\" decoding=\"async\" width=\"1880\" height=\"2048\" src=\"https:\/\/taff.fi\/2021\/wp-content\/uploads\/Pinja-Peltonen_kuva-1.jpg\" alt=\"\" class=\"wp-image-7547\" style=\"aspect-ratio:1;object-fit:cover;width:400px\" srcset=\"https:\/\/taff.fi\/2021\/wp-content\/uploads\/Pinja-Peltonen_kuva-1.jpg 1880w, https:\/\/taff.fi\/2021\/wp-content\/uploads\/Pinja-Peltonen_kuva-1-991x1080.jpg 991w, https:\/\/taff.fi\/2021\/wp-content\/uploads\/Pinja-Peltonen_kuva-1-496x540.jpg 496w, https:\/\/taff.fi\/2021\/wp-content\/uploads\/Pinja-Peltonen_kuva-1-768x837.jpg 768w, https:\/\/taff.fi\/2021\/wp-content\/uploads\/Pinja-Peltonen_kuva-1-1410x1536.jpg 1410w, https:\/\/taff.fi\/2021\/wp-content\/uploads\/Pinja-Peltonen_kuva-1-1200x1307.jpg 1200w, https:\/\/taff.fi\/2021\/wp-content\/uploads\/Pinja-Peltonen_kuva-1-600x654.jpg 600w\" sizes=\"(max-width: 1880px) 100vw, 1880px\" \/><\/figure>\n<\/div>\n\n\n<p class=\"has-text-align-center\"><strong>Pinja Peltonen, ty\u00f6harjoittelija<\/strong><\/p>\n\n\n\n<p class=\"has-text-align-center\">Moikka! Olen Pinja, animaation opiskelija Turun Taideakatemiasta. Olen t\u00e4n\u00e4 vuonna harjoittelijana osana TAFFin tiimi\u00e4, ja toimenkuvaani kuuluu esimerkiksi elokuvaliikenteen yll\u00e4pito, TAFFin n\u00e4yttelyiden ripustus ja TAFF Pro-assistenttina toimiminen.<\/p>\n\n\n<div class=\"wp-block-image\">\n<figure class=\"aligncenter size-large is-resized\"><img loading=\"lazy\" decoding=\"async\" width=\"3000\" height=\"2037\" src=\"https:\/\/taff.fi\/2021\/wp-content\/uploads\/Jaani_kuva-1-3000x2037.jpg\" alt=\"\" class=\"wp-image-7549\" style=\"aspect-ratio:1;object-fit:cover;width:400px\" srcset=\"https:\/\/taff.fi\/2021\/wp-content\/uploads\/Jaani_kuva-1-3000x2037.jpg 3000w, https:\/\/taff.fi\/2021\/wp-content\/uploads\/Jaani_kuva-1-1591x1080.jpg 1591w, https:\/\/taff.fi\/2021\/wp-content\/uploads\/Jaani_kuva-1-795x540.jpg 795w, https:\/\/taff.fi\/2021\/wp-content\/uploads\/Jaani_kuva-1-768x521.jpg 768w, https:\/\/taff.fi\/2021\/wp-content\/uploads\/Jaani_kuva-1-1536x1043.jpg 1536w, https:\/\/taff.fi\/2021\/wp-content\/uploads\/Jaani_kuva-1-2048x1391.jpg 2048w, https:\/\/taff.fi\/2021\/wp-content\/uploads\/Jaani_kuva-1-1200x815.jpg 1200w, https:\/\/taff.fi\/2021\/wp-content\/uploads\/Jaani_kuva-1-1980x1344.jpg 1980w, https:\/\/taff.fi\/2021\/wp-content\/uploads\/Jaani_kuva-1-600x407.jpg 600w\" sizes=\"(max-width: 3000px) 100vw, 3000px\" \/><\/figure>\n<\/div>\n\n\n<p class=\"has-text-align-center\"><strong>Jaani Kek\u00e4l\u00e4inen, tekniikkavastaava<\/strong><br><br>Olen Jaani Kek\u00e4l\u00e4inen ja toimin festivaalin tekniikkavastaavana. Vastaan siis animaation\u00e4yt\u00f6sten teknisest\u00e4 onnistumisesta, joten minua voi tulla t\u00f6kkim\u00e4\u00e4n, kun jokin ei toimi tai hajoaa. J\u00e4nnityksell\u00e4 odottaen millaisia teoksia tulemme n\u00e4kem\u00e4\u00e4n t\u00e4n\u00e4 vuonna!<br><\/p>\n","protected":false},"excerpt":{"rendered":"<p>Tutustu TAFFin t\u00e4m\u00e4n vuoden tiimiin! Turku Animated Film Festival koostuu taitavasta joukosta alan ammattilaisia, taiteilijoita, kuraattoreita ja animaation yst\u00e4vi\u00e4, jotka tuovat esille vuodesta toiseen animaatiotaiteen [&hellip;]<\/p>\n","protected":false},"author":8,"featured_media":7530,"comment_status":"closed","ping_status":"closed","sticky":false,"template":"","format":"standard","meta":{"_acf_changed":false,"footnotes":""},"categories":[28],"tags":[],"class_list":["post-7566","post","type-post","status-publish","format-standard","has-post-thumbnail","hentry","category-uutiset"],"acf":[],"_links":{"self":[{"href":"https:\/\/taff.fi\/fi\/wp-json\/wp\/v2\/posts\/7566","targetHints":{"allow":["GET"]}}],"collection":[{"href":"https:\/\/taff.fi\/fi\/wp-json\/wp\/v2\/posts"}],"about":[{"href":"https:\/\/taff.fi\/fi\/wp-json\/wp\/v2\/types\/post"}],"author":[{"embeddable":true,"href":"https:\/\/taff.fi\/fi\/wp-json\/wp\/v2\/users\/8"}],"replies":[{"embeddable":true,"href":"https:\/\/taff.fi\/fi\/wp-json\/wp\/v2\/comments?post=7566"}],"version-history":[{"count":5,"href":"https:\/\/taff.fi\/fi\/wp-json\/wp\/v2\/posts\/7566\/revisions"}],"predecessor-version":[{"id":8812,"href":"https:\/\/taff.fi\/fi\/wp-json\/wp\/v2\/posts\/7566\/revisions\/8812"}],"wp:featuredmedia":[{"embeddable":true,"href":"https:\/\/taff.fi\/fi\/wp-json\/wp\/v2\/media\/7530"}],"wp:attachment":[{"href":"https:\/\/taff.fi\/fi\/wp-json\/wp\/v2\/media?parent=7566"}],"wp:term":[{"taxonomy":"category","embeddable":true,"href":"https:\/\/taff.fi\/fi\/wp-json\/wp\/v2\/categories?post=7566"},{"taxonomy":"post_tag","embeddable":true,"href":"https:\/\/taff.fi\/fi\/wp-json\/wp\/v2\/tags?post=7566"}],"curies":[{"name":"wp","href":"https:\/\/api.w.org\/{rel}","templated":true}]}}